{"id":189245,"date":"2025-02-07T22:30:19","date_gmt":"2025-02-08T01:30:19","guid":{"rendered":"https:\/\/corrientesdetarde.com\/?p=189245"},"modified":"2025-02-07T22:30:31","modified_gmt":"2025-02-08T01:30:31","slug":"caso-loan-el-abogado-confirma-detalles-sobre-los-secuestradores-del-nino-de-5-anos","status":"publish","type":"post","link":"https:\/\/corrientesdetarde.com\/index.php\/policiales\/caso-loan-el-abogado-confirma-detalles-sobre-los-secuestradores-del-nino-de-5-anos\/","title":{"rendered":"Caso Loan: El abogado confirma detalles sobre los secuestradores del ni\u00f1o de 5 a\u00f1os"},"content":{"rendered":"\n<p>A casi ocho meses de la desaparici\u00f3n de Loan Pe\u00f1a, el abogado de la familia revel\u00f3 nuevas pistas sobre los secuestradores y c\u00f3mo se desarrollaron los hechos previos al secuestro<\/p>\n\n\n\n<p>Han pasado casi ocho meses desde que Loan Pe\u00f1a, un ni\u00f1o de 5 a\u00f1os, fue visto por \u00faltima vez en Corrientes, y la investigaci\u00f3n sigue su curso con giros y nuevos detalles que apuntan a los secuestradores involucrados. En declaraciones recientes, Juan Pablo Gallego, abogado de la familia Pe\u00f1a, brind\u00f3 nuevos detalles sobre el caso, revelando c\u00f3mo se habr\u00eda llevado a cabo el secuestro.<\/p>\n\n\n\n<p>Gallego indic\u00f3 que la situaci\u00f3n es mucho m\u00e1s simple de lo que se hab\u00eda pensado inicialmente, afirmando: &#8220;Tenemos reconstruido el hecho como tal, nos hemos corrido de teor\u00edas raras&#8221;. Seg\u00fan el letrado, antes del secuestro, un grupo de personas se reuni\u00f3 sin la presencia de Loan ni su padre, y los secuestradores no ten\u00edan la intenci\u00f3n de sacar al ni\u00f1o de Corrientes, lo que descarta algunas hip\u00f3tesis previas.<\/p>\n\n\n\n<p>El abogado identific\u00f3 a varias personas involucradas, mencionando espec\u00edficamente a Laudelina Pe\u00f1a, Camila Pe\u00f1a, Antonio Ben\u00edtez, M\u00f3nica Millapi y Daniel Ram\u00edrez como parte de los implicados en la captura y entrega del ni\u00f1o a Carlos P\u00e9rez. Adem\u00e1s, se\u00f1al\u00f3 que P\u00e9rez y Caillava son los principales sospechosos de haberse llevado a Loan.<\/p>\n\n\n\n<p>En un reciente fallo, la C\u00e1mara Federal de Corrientes rechaz\u00f3 la intervenci\u00f3n de Gustavo Vera y la Fundaci\u00f3n La Alameda como querellantes en la causa, decisi\u00f3n que, seg\u00fan Gallego, &#8220;desmaleza&#8221; la investigaci\u00f3n y permite avanzar de manera m\u00e1s clara. La familia ha criticado fuertemente la intervenci\u00f3n de Vera, acus\u00e1ndolo de manipular la causa y sembrar falsas hip\u00f3tesis.<\/p>\n\n\n\n<p>Con siete personas imputadas y diez m\u00e1s por encubrimiento, la investigaci\u00f3n sigue avanzando, y Gallego conf\u00eda en que las pruebas actuales permitan esclarecer lo sucedido con Loan Pe\u00f1a.<\/p>\n","protected":false},"excerpt":{"rendered":"<p>A casi ocho meses de la desaparici\u00f3n de Loan Pe\u00f1a, el abogado de la familia revel\u00f3 nuevas pistas sobre los secuestradores y c\u00f3mo se desarrollaron los hechos previos al secuestro&hellip; <\/p>\n","protected":false},"author":4,"featured_media":189246,"comment_status":"closed","ping_status":"open","sticky":false,"template":"","format":"standard","meta":{"footnotes":""},"categories":[33],"tags":[],"class_list":["post-189245","post","type-post","status-publish","format-standard","has-post-thumbnail","hentry","category-policiales"],"_links":{"self":[{"href":"https:\/\/corrientesdetarde.com\/index.php\/wp-json\/wp\/v2\/posts\/189245","targetHints":{"allow":["GET"]}}],"collection":[{"href":"https:\/\/corrientesdetarde.com\/index.php\/wp-json\/wp\/v2\/posts"}],"about":[{"href":"https:\/\/corrientesdetarde.com\/index.php\/wp-json\/wp\/v2\/types\/post"}],"author":[{"embeddable":true,"href":"https:\/\/corrientesdetarde.com\/index.php\/wp-json\/wp\/v2\/users\/4"}],"replies":[{"embeddable":true,"href":"https:\/\/corrientesdetarde.com\/index.php\/wp-json\/wp\/v2\/comments?post=189245"}],"version-history":[{"count":2,"href":"https:\/\/corrientesdetarde.com\/index.php\/wp-json\/wp\/v2\/posts\/189245\/revisions"}],"predecessor-version":[{"id":189248,"href":"https:\/\/corrientesdetarde.com\/index.php\/wp-json\/wp\/v2\/posts\/189245\/revisions\/189248"}],"wp:featuredmedia":[{"embeddable":true,"href":"https:\/\/corrientesdetarde.com\/index.php\/wp-json\/wp\/v2\/media\/189246"}],"wp:attachment":[{"href":"https:\/\/corrientesdetarde.com\/index.php\/wp-json\/wp\/v2\/media?parent=189245"}],"wp:term":[{"taxonomy":"category","embeddable":true,"href":"https:\/\/corrientesdetarde.com\/index.php\/wp-json\/wp\/v2\/categories?post=189245"},{"taxonomy":"post_tag","embeddable":true,"href":"https:\/\/corrientesdetarde.com\/index.php\/wp-json\/wp\/v2\/tags?post=189245"}],"curies":[{"name":"wp","href":"https:\/\/api.w.org\/{rel}","templated":true}]}}