{"id":189249,"date":"2025-02-07T22:40:21","date_gmt":"2025-02-08T01:40:21","guid":{"rendered":"https:\/\/corrientesdetarde.com\/?p=189249"},"modified":"2025-02-07T22:40:26","modified_gmt":"2025-02-08T01:40:26","slug":"corrientes-un-arbol-cayo-sobre-un-motociclista-en-pleno-centro","status":"publish","type":"post","link":"https:\/\/corrientesdetarde.com\/index.php\/policiales\/corrientes-un-arbol-cayo-sobre-un-motociclista-en-pleno-centro\/","title":{"rendered":"Corrientes: un \u00e1rbol cay\u00f3 sobre un motociclista en pleno centro"},"content":{"rendered":"\n<p>Ocurri\u00f3 en la esquina de Belgrano y San Juan, en plena tormenta qu\u00e9 afect\u00f3 a la ciudad.<\/p>\n\n\n\n<p>Un \u00e1rbol cay\u00f3 sobre un hombre que circulaba en una motocicleta y de milagro pudo salvar su vida.<\/p>\n\n\n\n<p>El hecho se produjo, este viernes cerca de las 17.15 de la tarde, por calle Belgrano y San Juan en el momento que se desat\u00f3 una intensa tormenta sobre la ciudad de Corrientes.&nbsp;<\/p>\n\n\n\n<p>El motociclista recibi\u00f3 asistencia por vecinos de la zona, quienes se encargaron de dar aviso por lo ocurrido al servicio de emergencia. Por el momento se desconoce si la v\u00edctima result\u00f3 con lesiones.<\/p>\n","protected":false},"excerpt":{"rendered":"<p>Ocurri\u00f3 en la esquina de Belgrano y San Juan, en plena tormenta qu\u00e9 afect\u00f3 a la ciudad. Un \u00e1rbol cay\u00f3 sobre un hombre que circulaba en una motocicleta y de&hellip; <\/p>\n","protected":false},"author":4,"featured_media":189250,"comment_status":"closed","ping_status":"open","sticky":false,"template":"","format":"standard","meta":{"footnotes":""},"categories":[33],"tags":[],"class_list":["post-189249","post","type-post","status-publish","format-standard","has-post-thumbnail","hentry","category-policiales"],"_links":{"self":[{"href":"https:\/\/corrientesdetarde.com\/index.php\/wp-json\/wp\/v2\/posts\/189249","targetHints":{"allow":["GET"]}}],"collection":[{"href":"https:\/\/corrientesdetarde.com\/index.php\/wp-json\/wp\/v2\/posts"}],"about":[{"href":"https:\/\/corrientesdetarde.com\/index.php\/wp-json\/wp\/v2\/types\/post"}],"author":[{"embeddable":true,"href":"https:\/\/corrientesdetarde.com\/index.php\/wp-json\/wp\/v2\/users\/4"}],"replies":[{"embeddable":true,"href":"https:\/\/corrientesdetarde.com\/index.php\/wp-json\/wp\/v2\/comments?post=189249"}],"version-history":[{"count":1,"href":"https:\/\/corrientesdetarde.com\/index.php\/wp-json\/wp\/v2\/posts\/189249\/revisions"}],"predecessor-version":[{"id":189251,"href":"https:\/\/corrientesdetarde.com\/index.php\/wp-json\/wp\/v2\/posts\/189249\/revisions\/189251"}],"wp:featuredmedia":[{"embeddable":true,"href":"https:\/\/corrientesdetarde.com\/index.php\/wp-json\/wp\/v2\/media\/189250"}],"wp:attachment":[{"href":"https:\/\/corrientesdetarde.com\/index.php\/wp-json\/wp\/v2\/media?parent=189249"}],"wp:term":[{"taxonomy":"category","embeddable":true,"href":"https:\/\/corrientesdetarde.com\/index.php\/wp-json\/wp\/v2\/categories?post=189249"},{"taxonomy":"post_tag","embeddable":true,"href":"https:\/\/corrientesdetarde.com\/index.php\/wp-json\/wp\/v2\/tags?post=189249"}],"curies":[{"name":"wp","href":"https:\/\/api.w.org\/{rel}","templated":true}]}}