{"id":189264,"date":"2025-02-08T08:00:28","date_gmt":"2025-02-08T11:00:28","guid":{"rendered":"https:\/\/corrientesdetarde.com\/?p=189264"},"modified":"2025-02-08T08:00:34","modified_gmt":"2025-02-08T11:00:34","slug":"el-gobernador-entrego-mas-de-20-viviendas-en-mburucuya-y-firmo-convenio-por-otras-20-para-que-mas-familias-sean-felices","status":"publish","type":"post","link":"https:\/\/corrientesdetarde.com\/index.php\/locales\/el-gobernador-entrego-mas-de-20-viviendas-en-mburucuya-y-firmo-convenio-por-otras-20-para-que-mas-familias-sean-felices\/","title":{"rendered":"El Gobernador entreg\u00f3 m\u00e1s de 20 viviendas en Mburucuy\u00e1 y firm\u00f3 convenio por otras 20, para que &#8220;m\u00e1s familias sean felices&#8221;"},"content":{"rendered":"\n<p>El gobernador Gustavo Vald\u00e9s entreg\u00f3 en la tarde de este viernes 23 unidades habitacionales en el barrio Itat\u00ed de Mburucuy\u00e1, 14 de O\u00f1ondiv\u00e9 y 9 del Programa Provincial de Viviendas. En la oportunidad, firm\u00f3 tambi\u00e9n un Convenio con la Municipalidad local para la construcci\u00f3n de otras 20 casas, con el objetivo de que &#8220;m\u00e1s familias mburucuyanas sean felices&#8221;.<\/p>\n\n\n\n<p>Cabe mencionar que esta iniciativa provincial tiene por objetivo brindar soluciones habitacionales inmediatas a familias que se encuentran en situaci\u00f3n de vulnerabilidad contemplando actividades de inclusi\u00f3n social, para as\u00ed integrar a futuros vecinos y fortalecer la comunidad barrial.<\/p>\n\n\n\n<p>En este marco, la Provincia aporta los materiales necesarios para la construcci\u00f3n de las mismas viviendas, como tambi\u00e9n la direcci\u00f3n t\u00e9cnica de la obra, por medio del INVICO.<\/p>\n\n\n\n<p>Por otra parte, los municipios aportan el terreno y la mano de obra. Las mismas casas se entregan amuebladas y equipadas por intervenci\u00f3n del Ministerio de Desarrollo Social.<\/p>\n\n\n\n<p>En la oportunidad, el padre Horacio Villasanti fue el encargado de la bendici\u00f3n de llaves y carpetas de las viviendas y posteriormente una de las beneficiarias, Silvia Ramona Dom\u00ednguez brind\u00f3 palabras de agradecimiento por la adjudicaci\u00f3n.<\/p>\n\n\n\n<p><strong>Declaraciones del Gobernador<\/strong><\/p>\n\n\n\n<p>&#8220;Estamos culminando un trabajo que est\u00e1 mancomunado junto a la Municipalidad y los vecinos&#8221;, expres\u00f3 Vald\u00e9s al hacer uso de la palabra previamente a la entrega de llaves de las 23 viviendas otorgadas en la jornada.<\/p>\n\n\n\n<p>En ese sentido, el mandatario remarc\u00f3 que &#8220;estamos avanzando de la mano del programa O\u00f1ondiv\u00e9 y por ello, salimos a resolver la problem\u00e1tica habitacional&#8221; y acto seguido anunci\u00f3 que &#8220;vamos hacer 20 viviendas m\u00e1s&#8221;.<\/p>\n\n\n\n<p>Seguidamente, Vald\u00e9s sostuvo que mediante el trabajo que realiza el Gobierno provincial se puede continuar consolidando la construcci\u00f3n de viviendas en Corrientes y en ese sentido, inst\u00f3 a las familias a qu\u00e9 &#8220;se formen para construir nuevos hogares&#8221; ya que &#8220;todo esfuerzo es lo que da satisfacci\u00f3n y seguiremos trabajando para que m\u00e1s mburucuyanos sean m\u00e1s felices&#8221;, cerr\u00f3.<\/p>\n\n\n\n<p><strong>Palabras del intendente e interventor del Invico<\/strong><\/p>\n\n\n\n<p>Al tomar la palabra, el intendente dijo que \u201cla verdad que esto es muy beneficioso para toda la comunidad de Mburucuy\u00e1, que se sigan haciendo viviendas a lo largo y a lo ancho de toda la provincia\u201d y remarc\u00f3 que \u201ceste esfuerzo del Gobernador con este programa de lo que es Demanda Libre y en el otro programa O\u00f1ondiv\u00e9 donde todos juntos estamos aportando cada uno nuestro granito de arena, y as\u00ed se van construyendo muchas casas\u201d.<\/p>\n\n\n\n<p>Por \u00faltimo, manifest\u00f3 que \u201cdesde el municipio con la provincia, a trav\u00e9s de Invico, se ponen los materiales y nosotros lo que tiene que ver con el terreno y la mano de obra, pero por supuesto tambi\u00e9n con la ayuda de todos los beneficiarios\u201d y agreg\u00f3 que \u201cdigo esto porque la verdad es digno de destacar en estas \u00faltimas 14, hablando de las O\u00f1ondiv\u00e9, muchas mujeres me dec\u00edan que aprendieron a cucharear, aprendieron el oficio de la alba\u00f1iler\u00eda y bueno, todos juntos empujamos para que esto sea una realidad\u201d.<\/p>\n\n\n\n<p>Por otro lado, el interventor del Invico, Lizardo Gonz\u00e1lez expres\u00f3 que \u201cen este caso son 23 viviendas, 9 corresponden al programa provincial de viviendas y 14 viviendas a trav\u00e9s del programa O\u00f1ondiv\u00e9\u201d y a\u00f1adi\u00f3 para culminar: &#8220;Destaco el trabajo en equipo, el compromiso del Gobierno de la provincia a apostar a lo que es viviendas para todos los correntinos\u201d.<\/p>\n\n\n\n<p><strong>Presencias<\/strong><\/p>\n\n\n\n<p>En la ocasi\u00f3n, acompa\u00f1aron al Gobernador los ministros de Desarrollo Social, Ad\u00e1n Gaya, de Turismo, Alejandra Eliciri, legisladores provinciales y nacionales, secretarios y subsecretarios provinciales y Jefes comunales de localidades vecinas entre otras autoridades.<\/p>\n","protected":false},"excerpt":{"rendered":"<p>El gobernador Gustavo Vald\u00e9s entreg\u00f3 en la tarde de este viernes 23 unidades habitacionales en el barrio Itat\u00ed de Mburucuy\u00e1, 14 de O\u00f1ondiv\u00e9 y 9 del Programa Provincial de Viviendas.&hellip; <\/p>\n","protected":false},"author":3,"featured_media":189265,"comment_status":"closed","ping_status":"open","sticky":false,"template":"","format":"standard","meta":{"footnotes":""},"categories":[8],"tags":[],"class_list":["post-189264","post","type-post","status-publish","format-standard","has-post-thumbnail","hentry","category-locales"],"_links":{"self":[{"href":"https:\/\/corrientesdetarde.com\/index.php\/wp-json\/wp\/v2\/posts\/189264","targetHints":{"allow":["GET"]}}],"collection":[{"href":"https:\/\/corrientesdetarde.com\/index.php\/wp-json\/wp\/v2\/posts"}],"about":[{"href":"https:\/\/corrientesdetarde.com\/index.php\/wp-json\/wp\/v2\/types\/post"}],"author":[{"embeddable":true,"href":"https:\/\/corrientesdetarde.com\/index.php\/wp-json\/wp\/v2\/users\/3"}],"replies":[{"embeddable":true,"href":"https:\/\/corrientesdetarde.com\/index.php\/wp-json\/wp\/v2\/comments?post=189264"}],"version-history":[{"count":1,"href":"https:\/\/corrientesdetarde.com\/index.php\/wp-json\/wp\/v2\/posts\/189264\/revisions"}],"predecessor-version":[{"id":189273,"href":"https:\/\/corrientesdetarde.com\/index.php\/wp-json\/wp\/v2\/posts\/189264\/revisions\/189273"}],"wp:featuredmedia":[{"embeddable":true,"href":"https:\/\/corrientesdetarde.com\/index.php\/wp-json\/wp\/v2\/media\/189265"}],"wp:attachment":[{"href":"https:\/\/corrientesdetarde.com\/index.php\/wp-json\/wp\/v2\/media?parent=189264"}],"wp:term":[{"taxonomy":"category","embeddable":true,"href":"https:\/\/corrientesdetarde.com\/index.php\/wp-json\/wp\/v2\/categories?post=189264"},{"taxonomy":"post_tag","embeddable":true,"href":"https:\/\/corrientesdetarde.com\/index.php\/wp-json\/wp\/v2\/tags?post=189264"}],"curies":[{"name":"wp","href":"https:\/\/api.w.org\/{rel}","templated":true}]}}