{"id":189267,"date":"2025-02-08T08:00:39","date_gmt":"2025-02-08T11:00:39","guid":{"rendered":"https:\/\/corrientesdetarde.com\/?p=189267"},"modified":"2025-02-08T08:00:40","modified_gmt":"2025-02-08T11:00:40","slug":"mburucuya-es-el-corazon-del-chamame-expreso-valdes-en-la-apertura-del-festival-que-homenajea-al-genero-en-su-version-tradicional","status":"publish","type":"post","link":"https:\/\/corrientesdetarde.com\/index.php\/actualidad\/mburucuya-es-el-corazon-del-chamame-expreso-valdes-en-la-apertura-del-festival-que-homenajea-al-genero-en-su-version-tradicional\/","title":{"rendered":"&#8220;Mburucuy\u00e1 es el coraz\u00f3n del Chamam\u00e9&#8221;, expres\u00f3 Vald\u00e9s en la apertura del Festival que homenajea al g\u00e9nero en su versi\u00f3n tradicional"},"content":{"rendered":"\n<p>En el marco del 56\u00b0 Festival Provincial y 20\u00b0 Festival Nacional del Aut\u00e9ntico Chamam\u00e9 Tradicional, el gobernador Gustavo Vald\u00e9s particip\u00f3 este viernes por la noche de la apertura del evento, donde asegur\u00f3 que &#8220;Mburucuy\u00e1 es el coraz\u00f3n del Chamam\u00e9&#8221;, en la localidad sede de uno de los eventos m\u00e1s convocantes en la regi\u00f3n. A su vez, en representaci\u00f3n del Gobierno de Corrientes, hizo entrega de un subsidio para apoyar a la organizaci\u00f3n.<\/p>\n\n\n\n<p>El Festival del Chamam\u00e9 Tradicional de Mburucuy\u00e1 es un evento cultural que se celebra anualmente en la localidad de Mburucuy\u00e1, y tiene como objetivo principal rendir homenaje al chamam\u00e9, el tradicional g\u00e9nero musical tradicional de la regi\u00f3n litoral. Durante el evento, se presentaron destacados artistas y m\u00fasicos chamameceros.<\/p>\n\n\n\n<p>\u201cEsta Fiesta no tiene que morir nunca, es el coraz\u00f3n del Chamam\u00e9, si muere el Chamam\u00e9 muere Mburucuy\u00e1, y muere Corrientes\u201d, indic\u00f3 primeramente al tomar la palabra el Gobernador Vald\u00e9s.<\/p>\n\n\n\n<p>&nbsp;Asimismo, Vald\u00e9s sostuvo que \u201cac\u00e1 estamos los correntinos celebrando, por lo que creemos, con nuestros santos, con nuestras tradiciones, nuestras penas, y fundamentalmente latiendo juntos\u201d.<\/p>\n\n\n\n<p>\u201cAc\u00e1 estamos caminando con h\u00e9roes, juntos somos esa patria que siempre quiso ser y quiso estar, y que Corrientes siempre le aport\u00f3 sangre de h\u00e9roes\u201d, dijo el Mandatario haciendo referencia a los Ex Combatientes de Malvinas presentes.<\/p>\n\n\n\n<p>\u201cVamos a seguir caminando entre h\u00e9roes, entre correntinos, con nuestra m\u00fasica, y rogando a Dios\u201d, finaliz\u00f3 el Gobernador.<\/p>\n\n\n\n<p><strong>Intendente<\/strong><\/p>\n\n\n\n<p>Por su parte, el intendente de Mburucuy\u00e1, Pablo Guastavino, agradeci\u00f3 al Gobernador \u201cpor su apoyo incondicional a la cultura y a Mburucuy\u00e1\u201d. Asimismo, le dio las gracias a la organizaci\u00f3n del Festival, a los empleados municipales, al personal de Tr\u00e1nsito, y a los espectadores.<\/p>\n\n\n\n<p>\u201cAguante el Chamam\u00e9, que hay Chamam\u00e9 aut\u00e9ntico y tradicional para rato\u201d, puntualiz\u00f3, por \u00faltimo, Guastavino.<\/p>\n\n\n\n<p><strong>Organizaci\u00f3n<\/strong><\/p>\n\n\n\n<p>En este contexto, el presidente de la Comisi\u00f3n Organizadora del 56\u00b0 Festival Nacional del Aut\u00e9ntico Chamam\u00e9 Tradicional de Mburucuy\u00e1, Horacio Naessens, al respecto record\u00f3 que el Festival comenz\u00f3 en honor a Santa Cecilia, Santa de la M\u00fasica, y luego agradeci\u00f3 al Gobernador Vald\u00e9s y al intendente Guastavino por el apoyo.<\/p>\n\n\n\n<p><strong>Festival<\/strong><\/p>\n\n\n\n<p>El evento inici\u00f3 a las 21.30 horas en el Anfiteatro &#8220;Eustaquio Mi\u00f1o&#8221; al pie de la Laguna Limpia, con el ingreso de la imagen de Santa Cecilia, Patrona de la M\u00fasica, cargada por la Cu\u00f1ata\u00ed Por\u00e1 2025, Yanela Pav\u00f3n, y su hermano, Jair Pav\u00f3n, quienes son a la vez pareja de Chamam\u00e9. Escoltados tambi\u00e9n por las Banderas Nacional y de Mburucuy\u00e1, acompa\u00f1ados por el chamam\u00e9 Ba\u00f1ado Norte. La bendici\u00f3n estuvo a cargo del Padre Horacio Villasanti.<\/p>\n\n\n\n<p>Seguidamente tambi\u00e9n entraron por el pasillo central, Ex Combatientes en Malvinas portando la Bandera de Ceremonia, para luego dar paso a la imagen de San Antonio de Padua, patrono de la localidad, junto a la actual Pareja Nacional del Chamam\u00e9, Erika y Marcelo Aguirre. Ubicaron las im\u00e1genes a un costado del escenario, desde donde acompa\u00f1ar\u00e1n las 3 veladas del evento, y fue el momento donde los locutores Myriam Fleitas y Jorge Hamberger, tomaron la palabra para dar la bienvenida al \u00b056 Festival Provincial y 20\u00b0 Festival Nacional del Aut\u00e9ntico Chamam\u00e9 Tradicional.<\/p>\n\n\n\n<p>Saludaron a los presentes e invitaron a las autoridades, el gobernador Gustavo Vald\u00e9s; el intendente de Mburucy\u00e1, Pablo Gustavino; y al presidente de la Comisi\u00f3n Organizadora, Horacio Naessens, a subir al escenario para dirigir unas palabras. Al finalizar esta parte, el Ballet Municipal Mainumby, tuvo a su cargo el cuadro art\u00edstico de apertura con un recorrido por las bailantas chamameceras.<\/p>\n\n\n\n<p>En la ocasi\u00f3n, el gobernador Vald\u00e9s entreg\u00f3 un subsidio de 80 millones de pesos para la organizaci\u00f3n del Festival.<\/p>\n\n\n\n<p>El escenario fue tambi\u00e9n testigo de ese sentimiento de mantener lo tradicional, no hab\u00eda percusiones, ni aditivos el\u00e9ctricos, la instrumentaci\u00f3n caracter\u00edstica del chamam\u00e9 es lo que la hace aut\u00e9ntica.<\/p>\n\n\n\n<p>Pasaron por el escenario, en la primer noche, el Ballet Municipal Mainumb\u00ed, los ganadores del Pre Festival, H\u00e9roes de Malvinas, el Ballet de Mburucuy\u00e1, Las Chamameceras, Los Hermanos Br\u00edtez, Esencia Guaran\u00ed, Irund\u00ed, Chamam\u00e9 Ku\u00f1a, Mario Suarez, Santiago Bocha Sheridan, Sangre Paiubrera, Ernestito Montiel y El Cuarteto Santa Ana, Grupo Ra\u00edces, Los de Imaguar\u00e9, Juan Manuel Bilat, Los Paiubreros, Juan Sebasti\u00e1n Ver\u00f3n, Grupo Itat\u00ed, Mar\u00eda Eugenia Gallardo con Karin Jensen, Amadeo Campos, y Toyi Bouzada.<\/p>\n\n\n\n<p><strong>Presencias<\/strong><\/p>\n\n\n\n<p>Acompa\u00f1aron al Gobernador Gustavo Vald\u00e9s; el intendente de Mburucuy\u00e1, Pablo Guastavino; los ministros de Desarrollo Social, Ad\u00e1n Gaya; de Seguridad, Alfredo Vallejos; de Justicia, Juan Jos\u00e9 L\u00f3pez Desimoni; el senador provincial, Sergio Flinta; el intendente de Ituzaing\u00f3, Juan Pablo Vald\u00e9s, y dem\u00e1s autoridades presentes.<\/p>\n","protected":false},"excerpt":{"rendered":"<p>En el marco del 56\u00b0 Festival Provincial y 20\u00b0 Festival Nacional del Aut\u00e9ntico Chamam\u00e9 Tradicional, el gobernador Gustavo Vald\u00e9s particip\u00f3 este viernes por la noche de la apertura del evento,&hellip; <\/p>\n","protected":false},"author":3,"featured_media":189272,"comment_status":"closed","ping_status":"open","sticky":false,"template":"","format":"standard","meta":{"footnotes":""},"categories":[23],"tags":[],"class_list":["post-189267","post","type-post","status-publish","format-standard","has-post-thumbnail","hentry","category-actualidad"],"_links":{"self":[{"href":"https:\/\/corrientesdetarde.com\/index.php\/wp-json\/wp\/v2\/posts\/189267","targetHints":{"allow":["GET"]}}],"collection":[{"href":"https:\/\/corrientesdetarde.com\/index.php\/wp-json\/wp\/v2\/posts"}],"about":[{"href":"https:\/\/corrientesdetarde.com\/index.php\/wp-json\/wp\/v2\/types\/post"}],"author":[{"embeddable":true,"href":"https:\/\/corrientesdetarde.com\/index.php\/wp-json\/wp\/v2\/users\/3"}],"replies":[{"embeddable":true,"href":"https:\/\/corrientesdetarde.com\/index.php\/wp-json\/wp\/v2\/comments?post=189267"}],"version-history":[{"count":1,"href":"https:\/\/corrientesdetarde.com\/index.php\/wp-json\/wp\/v2\/posts\/189267\/revisions"}],"predecessor-version":[{"id":189274,"href":"https:\/\/corrientesdetarde.com\/index.php\/wp-json\/wp\/v2\/posts\/189267\/revisions\/189274"}],"wp:featuredmedia":[{"embeddable":true,"href":"https:\/\/corrientesdetarde.com\/index.php\/wp-json\/wp\/v2\/media\/189272"}],"wp:attachment":[{"href":"https:\/\/corrientesdetarde.com\/index.php\/wp-json\/wp\/v2\/media?parent=189267"}],"wp:term":[{"taxonomy":"category","embeddable":true,"href":"https:\/\/corrientesdetarde.com\/index.php\/wp-json\/wp\/v2\/categories?post=189267"},{"taxonomy":"post_tag","embeddable":true,"href":"https:\/\/corrientesdetarde.com\/index.php\/wp-json\/wp\/v2\/tags?post=189267"}],"curies":[{"name":"wp","href":"https:\/\/api.w.org\/{rel}","templated":true}]}}