{"id":189269,"date":"2025-02-08T08:03:27","date_gmt":"2025-02-08T11:03:27","guid":{"rendered":"https:\/\/corrientesdetarde.com\/?p=189269"},"modified":"2025-02-08T08:03:32","modified_gmt":"2025-02-08T11:03:32","slug":"de-no-creer-luego-de-la-lluvia-se-quemaron-campos-en-empedrado","status":"publish","type":"post","link":"https:\/\/corrientesdetarde.com\/index.php\/actualidad\/de-no-creer-luego-de-la-lluvia-se-quemaron-campos-en-empedrado\/","title":{"rendered":"De no creer: luego de la lluvia se quemaron campos en Empedrado"},"content":{"rendered":"\n<p>As\u00ed lo confirmaron a \u00e9poca miembros del Comando de Operaciones, quienes debieron recurrir a ese punto de la provincia por incendio intencional de pastizales en la zona rural. Las autoridades reiteran que est\u00e1 totalmente prohibido la quema de todo tipo en la provincia.<\/p>\n\n\n\n<p>El d\u00e9ficit h\u00eddrico y el calor extremo son factores que deben sensibilizar a cualquier persona, m\u00e1s aquellas que conocen la din\u00e1mica del sector rural. Lamentablemente, Corrientes -como sucedi\u00f3 hace dos a\u00f1os atr\u00e1s- contin\u00faa ampliando las hect\u00e1reas de suelo quemado. Lo que preocupa es la intencionalidad como sucedi\u00f3 ayer en Empedrado.<\/p>\n\n\n\n<p>Lo que m\u00e1s preocupa es que muchos de los incendios son intencionales. Es decir, todos los que deciden encender las llamas de pastizales saben las consecuencias que puede traer con la falta de agua en la regi\u00f3n.<\/p>\n\n\n\n<figure class=\"wp-block-image\"><img decoding=\"async\" src=\"https:\/\/www.diarioepoca.com\/content\/bucket\/8\/1409868w380h286c.jpg.webp\" alt=\"\"\/><figcaption class=\"wp-element-caption\">LA PROVINCIA MONITOREA LA ZONA AFECTADA POR LA LLUVIA PARA LA ASISTENCIA.<\/figcaption><\/figure>\n\n\n\n<p>Lamentablemente, adem\u00e1s del da\u00f1o ambiental, se pone en riesgo la vida de personas que asisten voluntariamente a apagar las llamas. El ejemplo est\u00e1 en el fallecimiento de una docente que perdi\u00f3 la vida por el incendio de campos en el interior de la provincia.<\/p>\n\n\n\n<p>De acuerdo a los datos oficiales, son 250 personas -la mayor\u00eda bomberos voluntarios y de la Polic\u00eda de Corrientes- las que trabajan para combatir el fuego en las zonas afectadas actualmente.<\/p>\n\n\n\n<figure class=\"wp-block-image\"><img decoding=\"async\" src=\"https:\/\/www.diarioepoca.com\/content\/bucket\/9\/1409869w380h133c.jpg.webp\" alt=\"\"\/><\/figure>\n\n\n\n<p>Muchas de ellas se arriesgan para poder cumplir con la misi\u00f3n de apagar las llamas que fueron provocadas por inadaptados.<\/p>\n\n\n\n<p>Lo llamativo en la jornada de ayer es que en la costa del r\u00edo Paran\u00e1 en horas de la siesta y la tarde hubo algunas precipitaciones. Fueron suficientes para apaciguar el calor que azotaba. En algunas localidades, la lluvia dur\u00f3 algunos minutos, en otros media hora y hasta una hora.<\/p>\n\n\n\n<figure class=\"wp-block-image\"><img decoding=\"async\" src=\"https:\/\/www.diarioepoca.com\/content\/bucket\/0\/1409870w380h133c.jpg.webp\" alt=\"\"\/><\/figure>\n\n\n\n<p>Pero el dato de color preocupante fue lo sucedido en la siesta de ayer en Colonia Brugne y Parada Coco (ambos ubicados en el departamento de Empedrado). Tras la lluvia que lleg\u00f3 a este punto de la provincia, se registraron incendios en campos. Manos inescrupulosas encendieron fuego y provocaron la activaci\u00f3n de los bomberos que debieron ir ese sector rural para extinguir las llamas.<\/p>\n\n\n\n<h2 class=\"wp-block-heading\">Sorpresa en el COE<\/h2>\n\n\n\n<figure class=\"wp-block-image\"><img decoding=\"async\" src=\"https:\/\/www.diarioepoca.com\/content\/bucket\/3\/1409883w372h206c.jpg.webp\" alt=\"\"\/><\/figure>\n\n\n\n<p>El Comando Operativo de Emergencia (COE) tom\u00f3 conocimiento del incendio de Empedrado y se vieron sorprendidos por el monitoreo que ten\u00edan en los sectores que se registraban precipitaciones.<\/p>\n\n\n\n<p>Vale remarcar que el Ejecutivo Provincial resolvi\u00f3 la prohibici\u00f3n total de campos y pastizales en las zonas urbanizadas. &#8220;La gente debe entender que no se puede prender fuego. La prohibici\u00f3n es total y m\u00e1s en esta \u00e9poca&#8221;, dijo a \u00e9poca Bruno Lovison, titular del COE y subdirector de Defensa Civil.\u00a0<\/p>\n","protected":false},"excerpt":{"rendered":"<p>As\u00ed lo confirmaron a \u00e9poca miembros del Comando de Operaciones, quienes debieron recurrir a ese punto de la provincia por incendio intencional de pastizales en la zona rural. Las autoridades&hellip; <\/p>\n","protected":false},"author":3,"featured_media":189278,"comment_status":"closed","ping_status":"open","sticky":false,"template":"","format":"standard","meta":{"footnotes":""},"categories":[23],"tags":[],"class_list":["post-189269","post","type-post","status-publish","format-standard","has-post-thumbnail","hentry","category-actualidad"],"_links":{"self":[{"href":"https:\/\/corrientesdetarde.com\/index.php\/wp-json\/wp\/v2\/posts\/189269","targetHints":{"allow":["GET"]}}],"collection":[{"href":"https:\/\/corrientesdetarde.com\/index.php\/wp-json\/wp\/v2\/posts"}],"about":[{"href":"https:\/\/corrientesdetarde.com\/index.php\/wp-json\/wp\/v2\/types\/post"}],"author":[{"embeddable":true,"href":"https:\/\/corrientesdetarde.com\/index.php\/wp-json\/wp\/v2\/users\/3"}],"replies":[{"embeddable":true,"href":"https:\/\/corrientesdetarde.com\/index.php\/wp-json\/wp\/v2\/comments?post=189269"}],"version-history":[{"count":1,"href":"https:\/\/corrientesdetarde.com\/index.php\/wp-json\/wp\/v2\/posts\/189269\/revisions"}],"predecessor-version":[{"id":189279,"href":"https:\/\/corrientesdetarde.com\/index.php\/wp-json\/wp\/v2\/posts\/189269\/revisions\/189279"}],"wp:featuredmedia":[{"embeddable":true,"href":"https:\/\/corrientesdetarde.com\/index.php\/wp-json\/wp\/v2\/media\/189278"}],"wp:attachment":[{"href":"https:\/\/corrientesdetarde.com\/index.php\/wp-json\/wp\/v2\/media?parent=189269"}],"wp:term":[{"taxonomy":"category","embeddable":true,"href":"https:\/\/corrientesdetarde.com\/index.php\/wp-json\/wp\/v2\/categories?post=189269"},{"taxonomy":"post_tag","embeddable":true,"href":"https:\/\/corrientesdetarde.com\/index.php\/wp-json\/wp\/v2\/tags?post=189269"}],"curies":[{"name":"wp","href":"https:\/\/api.w.org\/{rel}","templated":true}]}}