{"id":189271,"date":"2025-02-08T08:04:32","date_gmt":"2025-02-08T11:04:32","guid":{"rendered":"https:\/\/corrientesdetarde.com\/?p=189271"},"modified":"2025-02-08T08:04:44","modified_gmt":"2025-02-08T11:04:44","slug":"dengue-salud-publica-informo-el-primer-caso-del-ano-en-corrientes","status":"publish","type":"post","link":"https:\/\/corrientesdetarde.com\/index.php\/bienestar-y-salud\/dengue-salud-publica-informo-el-primer-caso-del-ano-en-corrientes\/","title":{"rendered":"Dengue: Salud P\u00fablica inform\u00f3 el primer caso del a\u00f1o en Corrientes"},"content":{"rendered":"\n<p>La cartera sanitaria mencion\u00f3 que se registr\u00f3 en Capital y ya realizaron el bloqueo vectorial. Resaltaron que los casos se van a suceder debido al movimiento de las personas. Recomiendan tomar las medidas necesarias ante la propagaci\u00f3n.<\/p>\n\n\n\n<p>El Ministerio de Salud P\u00fablica de la Provincia de Corrientes inform\u00f3 en la jornada de ayer el primer caso de dengue en el territorio provincial. La persona infectada por el Aedes aegypti vive en Capital y desde la cartera sanitaria destacaron que tuvo s\u00edntomas leves y ya est\u00e1 recuperada.<\/p>\n\n\n\n<p>Ante esta situaci\u00f3n, se realizaron todas las tareas correspondientes para evitar la propagaci\u00f3n de la enfermedad.<\/p>\n\n\n\n<p>A la vez, la cartera sanitaria recuerda la importancia de las medidas de prevenci\u00f3n por el movimiento tur\u00edstico en esta temporada estival. Tambi\u00e9n, insiste en que se intensifiquen las acciones para la eliminaci\u00f3n de criaderos, especialmente en los hogares para prevenir la proliferaci\u00f3n del vector.<\/p>\n\n\n\n<p>En contacto con la prensa, la directora general de Epidemiolog\u00eda, Angelina Bobadilla, remarc\u00f3 que por las vacaciones es m\u00e1s frecuente que se encuentren casos en Corrientes. &#8220;El movimiento de la poblaci\u00f3n va generando un aumento del riesgo de circulaci\u00f3n viral en toda la provincia. Turistas y familiares ingresando a Corrientes de zonas con circulaci\u00f3n viral, as\u00ed como correntinos yendo a \u00e1reas de riesgo, m\u00e1s la presencia del vector y el cambio clim\u00e1tico, son propicios para incrementos&#8221;.<\/p>\n\n\n\n<p>La titular de Epidemiolog\u00eda recalc\u00f3 que la persona que viaja a zonas donde hay registro de casos de dengue &#8220;debe usar repelente&#8221;. Mientras tanto, sostuvo que desde Salud P\u00fablica siguen trabajando en los barrios de la capital y en el interior.<\/p>\n\n\n\n<figure class=\"wp-block-image\"><img decoding=\"async\" src=\"https:\/\/www.diarioepoca.com\/content\/bucket\/4\/1409884w380h178c.jpg.webp\" alt=\"\"\/><\/figure>\n\n\n\n<p>La doctora Bobadilla fue directa a la hora de remarcar que se preparan para el brote de dengue porque es lo que va a suceder, y justamente en la jornada de ayer informaron del caso registrado en Capital.<\/p>\n\n\n\n<p>En este contexto, Bobadilla record\u00f3 que es fundamental vaciar, limpiar y cubrir todos los objetos que puedan acumular agua estancada, como macetas, neum\u00e1ticos, recipientes de agua, entre otros.<\/p>\n\n\n\n<p>Adem\u00e1s de eliminar los criaderos de mosquitos, se recomienda el uso diario y frecuente de repelentes en la piel y en la ropa (preferentemente de mangas largas y pantalones largos), colocar mosquiteros en puertas y ventanas para evitar el ingreso de los mosquitos al domicilio, cambiar el agua de bebederos y floreros con frecuencia y mantener limpios los desag\u00fces y canaletas para evitar la acumulaci\u00f3n de agua.<\/p>\n","protected":false},"excerpt":{"rendered":"<p>La cartera sanitaria mencion\u00f3 que se registr\u00f3 en Capital y ya realizaron el bloqueo vectorial. Resaltaron que los casos se van a suceder debido al movimiento de las personas. Recomiendan&hellip; <\/p>\n","protected":false},"author":3,"featured_media":189280,"comment_status":"closed","ping_status":"open","sticky":false,"template":"","format":"standard","meta":{"footnotes":""},"categories":[16],"tags":[],"class_list":["post-189271","post","type-post","status-publish","format-standard","has-post-thumbnail","hentry","category-bienestar-y-salud"],"_links":{"self":[{"href":"https:\/\/corrientesdetarde.com\/index.php\/wp-json\/wp\/v2\/posts\/189271","targetHints":{"allow":["GET"]}}],"collection":[{"href":"https:\/\/corrientesdetarde.com\/index.php\/wp-json\/wp\/v2\/posts"}],"about":[{"href":"https:\/\/corrientesdetarde.com\/index.php\/wp-json\/wp\/v2\/types\/post"}],"author":[{"embeddable":true,"href":"https:\/\/corrientesdetarde.com\/index.php\/wp-json\/wp\/v2\/users\/3"}],"replies":[{"embeddable":true,"href":"https:\/\/corrientesdetarde.com\/index.php\/wp-json\/wp\/v2\/comments?post=189271"}],"version-history":[{"count":1,"href":"https:\/\/corrientesdetarde.com\/index.php\/wp-json\/wp\/v2\/posts\/189271\/revisions"}],"predecessor-version":[{"id":189281,"href":"https:\/\/corrientesdetarde.com\/index.php\/wp-json\/wp\/v2\/posts\/189271\/revisions\/189281"}],"wp:featuredmedia":[{"embeddable":true,"href":"https:\/\/corrientesdetarde.com\/index.php\/wp-json\/wp\/v2\/media\/189280"}],"wp:attachment":[{"href":"https:\/\/corrientesdetarde.com\/index.php\/wp-json\/wp\/v2\/media?parent=189271"}],"wp:term":[{"taxonomy":"category","embeddable":true,"href":"https:\/\/corrientesdetarde.com\/index.php\/wp-json\/wp\/v2\/categories?post=189271"},{"taxonomy":"post_tag","embeddable":true,"href":"https:\/\/corrientesdetarde.com\/index.php\/wp-json\/wp\/v2\/tags?post=189271"}],"curies":[{"name":"wp","href":"https:\/\/api.w.org\/{rel}","templated":true}]}}