{"id":189277,"date":"2025-02-08T08:07:04","date_gmt":"2025-02-08T11:07:04","guid":{"rendered":"https:\/\/corrientesdetarde.com\/?p=189277"},"modified":"2025-02-08T08:07:09","modified_gmt":"2025-02-08T11:07:09","slug":"un-nombramiento-no-cambia-nada-necesitamos-que-paguen-regalias","status":"publish","type":"post","link":"https:\/\/corrientesdetarde.com\/index.php\/politica\/un-nombramiento-no-cambia-nada-necesitamos-que-paguen-regalias\/","title":{"rendered":"&#8220;Un nombramiento no cambia nada, necesitamos que paguen regal\u00edas&#8221;"},"content":{"rendered":"\n<p>Vald\u00e9s se refiri\u00f3 al nombramiento de Palma, hombre cercano a &#8220;Camau&#8221; Esp\u00ednola, como consejero de la EBY. &#8220;Eso no nos va a cambiar la relaci\u00f3n con Naci\u00f3n&#8221; y &#8220;lo que necesitamos es que pague lo que corresponde y tenga sensibilidad respecto a la tarifa energ\u00e9tica&#8221;, afirm\u00f3.<\/p>\n\n\n\n<p>Yacyret\u00e1 es un tema sensible para la administraci\u00f3n de Gustavo Vald\u00e9s. No de ahora, pr\u00e1cticamente desde el comienzo de su primer mandato como gobernador correntino. Tal vez por su origen en una localidad como Ituzaing\u00f3, desarrollada al pie de la represa, pero tambi\u00e9n sabiendo que Corrientes siempre corri\u00f3 detr\u00e1s en beneficios de una obra que gener\u00f3 el uso e impacto de sus recursos naturales. Tambi\u00e9n por la eterna paradoja de ser una provincia generadora de energ\u00eda, pero a la vez ser uno de los distritos que m\u00e1s precio alto paga la electricidad.<\/p>\n\n\n\n<p>Lo cierto es que Vald\u00e9s volvi\u00f3 a hablar de Yacyret\u00e1 y nuevamente reclam\u00f3 el pago de regal\u00edas adeudadas. Una extensa demanda contra el Estado Nacional que incluso permanece en los estrados judiciales.<\/p>\n\n\n\n<p>Esta vez el Mandatario fue consultado sobre el tema a partir de requerir su opini\u00f3n sobre la designaci\u00f3n del correntino Facundo Palma como consejero, un cargo preciado, clave, estrat\u00e9gico pol\u00edticamente hablando y por el que pasaron varios representantes con dispar efectividad.<\/p>\n\n\n\n<p>Palma es un hombre del ri\u00f1\u00f3n del actual senador Carlos Mauricio &#8220;Camau&#8221; Esp\u00ednola y eso hizo que la consulta a Vald\u00e9s tenga ciertos condimentos. Pero el Gobernador supo pilotear la respuesta para no generar roce que pueda molestar. Y apunt\u00f3 directo al reclamo correntino coyuntural y de fuste: el pago de las deudas por regal\u00edas en una cifra varias veces millonaria.<\/p>\n\n\n\n<figure class=\"wp-block-image\"><img decoding=\"async\" src=\"https:\/\/www.diarioepoca.com\/content\/bucket\/8\/1409858w380h258c.jpg.webp\" alt=\"\"\/><figcaption class=\"wp-element-caption\">EN DICIEMBRE SE HABILIT\u00d3 EL PASO POR EL PUENTE SOBRE YACYRET\u00c1.<\/figcaption><\/figure>\n\n\n\n<p>&#8220;Hasta ahora tuvimos un buen di\u00e1logo con la direcci\u00f3n ejecutiva de Yacyret\u00e1. Sabemos lo que implica ser funcionario de la entidad para Corrientes. Y me parece que tiene que ser una relaci\u00f3n fluida y arm\u00f3nica con Yacyret\u00e1. Siempre digo que debe ser la herramienta de construcci\u00f3n de desarrollo entre ambos pa\u00edses y que nos paguen las regal\u00edas que corresponden&#8221;, acentu\u00f3 el Mandatario en declaraciones a la prensa tras un acto gubernamental realizado este viernes en la localidad de San Luis del Palmar.<\/p>\n\n\n\n<p>En este marco, Vald\u00e9s tambi\u00e9n fue un poco m\u00e1s directo: &#8220;Un nombramiento, m\u00e1s o menos, no nos va a cambiar la relaci\u00f3n con Naci\u00f3n; lo que necesitamos es que la Naci\u00f3n pague lo que corresponde y tenga sensibilidad respecto a la tarifa energ\u00e9tica&#8221;, recomend\u00f3.<\/p>\n\n\n\n<p>El contacto con los jefes de la Entidad Binacional Yacyret\u00e1 (EBY) tuvo un cap\u00edtulo importante en los \u00faltimos d\u00edas de 2024, cuando Vald\u00e9s recibi\u00f3 al mism\u00edsimo el director ejecutivo, Alfonso Pe\u00f1a.<\/p>\n\n\n\n<p>Por su parte, &#8220;Camau&#8221; tambi\u00e9n habl\u00f3 este viernes de la designaci\u00f3n de Palma y explic\u00f3: &#8220;Desde el Gobierno me consultaron si ten\u00eda a una persona id\u00f3nea (para el cargo)&#8221; y &#8220;en mi plan de Gobierno, la energ\u00eda ser\u00e1 fundamental y tener una persona que conozca Yacyret\u00e1 es fundamental&#8221;, dijo.<\/p>\n\n\n\n<figure class=\"wp-block-image\"><img decoding=\"async\" src=\"https:\/\/www.diarioepoca.com\/content\/bucket\/9\/1409859w380h255c.jpg.webp\" alt=\"\"\/><figcaption class=\"wp-element-caption\">VALD\u00c9S SOSTIENE LA DEMANDA POR LAS REGAL\u00cdAS DE YACYRET\u00c1 Y SALTO GRANDE.<\/figcaption><\/figure>\n\n\n\n<h2 class=\"wp-block-heading\">&#8220;Hay que escuchar a la OMS&#8221;<\/h2>\n\n\n\n<p>Vald\u00e9s tambi\u00e9n fue consultado sobre la decisi\u00f3n del Gobierno Nacional de retirar a la Argentina de la Organizaci\u00f3n Mundial de la Salud. Si bien admiti\u00f3 no tener muchos detalles de la determinaci\u00f3n nacional, consider\u00f3 que es fundamental atender las recomendaciones de los organismos internacionales como la OMS.<\/p>\n\n\n\n<p>&#8220;La salud p\u00fablica en Corrientes est\u00e1 a cargo de la provincia y los municipios, pero estas instituciones tienen una visi\u00f3n global que hay que escuchar; la participaci\u00f3n o aporte lo debe resolver Naci\u00f3n&#8221;, indic\u00f3 el Gobernador en di\u00e1logo con la prensa en San Luis del Palmar.<\/p>\n\n\n\n<h2 class=\"wp-block-heading\">La suspensi\u00f3n de las PASO<\/h2>\n\n\n\n<p>&#8220;Se dio la media sanci\u00f3n a la suspensi\u00f3n de las PASO (Primarias Abiertas, Simult\u00e1neas y Obligatorias). Es lo que reclam\u00e1bamos hace mucho tiempo. Dec\u00edamos que las PASO no contribu\u00edan mucho al sistema electoral, pero costaban fortunas enormes, incre\u00edbles, a los contribuyentes. Bueno, ahora pudo salir la suspensi\u00f3n de las PASO&#8221;, destac\u00f3 Vald\u00e9s.<\/p>\n\n\n\n<p>&#8220;Una media sanci\u00f3n que ojal\u00e1 se pueda aprobar en el Senado, de manera que esta responsabilidad la puedan asumir los frentes electorales y los partidos pol\u00edticos y que la gente pueda optar por sus gobernantes a partir de una sistema democr\u00e1tico m\u00e1s directo&#8221;, valor\u00f3.<\/p>\n","protected":false},"excerpt":{"rendered":"<p>Vald\u00e9s se refiri\u00f3 al nombramiento de Palma, hombre cercano a &#8220;Camau&#8221; Esp\u00ednola, como consejero de la EBY. &#8220;Eso no nos va a cambiar la relaci\u00f3n con Naci\u00f3n&#8221; y &#8220;lo que&hellip; <\/p>\n","protected":false},"author":3,"featured_media":189284,"comment_status":"closed","ping_status":"open","sticky":false,"template":"","format":"standard","meta":{"footnotes":""},"categories":[3],"tags":[],"class_list":["post-189277","post","type-post","status-publish","format-standard","has-post-thumbnail","hentry","category-politica"],"_links":{"self":[{"href":"https:\/\/corrientesdetarde.com\/index.php\/wp-json\/wp\/v2\/posts\/189277","targetHints":{"allow":["GET"]}}],"collection":[{"href":"https:\/\/corrientesdetarde.com\/index.php\/wp-json\/wp\/v2\/posts"}],"about":[{"href":"https:\/\/corrientesdetarde.com\/index.php\/wp-json\/wp\/v2\/types\/post"}],"author":[{"embeddable":true,"href":"https:\/\/corrientesdetarde.com\/index.php\/wp-json\/wp\/v2\/users\/3"}],"replies":[{"embeddable":true,"href":"https:\/\/corrientesdetarde.com\/index.php\/wp-json\/wp\/v2\/comments?post=189277"}],"version-history":[{"count":1,"href":"https:\/\/corrientesdetarde.com\/index.php\/wp-json\/wp\/v2\/posts\/189277\/revisions"}],"predecessor-version":[{"id":189285,"href":"https:\/\/corrientesdetarde.com\/index.php\/wp-json\/wp\/v2\/posts\/189277\/revisions\/189285"}],"wp:featuredmedia":[{"embeddable":true,"href":"https:\/\/corrientesdetarde.com\/index.php\/wp-json\/wp\/v2\/media\/189284"}],"wp:attachment":[{"href":"https:\/\/corrientesdetarde.com\/index.php\/wp-json\/wp\/v2\/media?parent=189277"}],"wp:term":[{"taxonomy":"category","embeddable":true,"href":"https:\/\/corrientesdetarde.com\/index.php\/wp-json\/wp\/v2\/categories?post=189277"},{"taxonomy":"post_tag","embeddable":true,"href":"https:\/\/corrientesdetarde.com\/index.php\/wp-json\/wp\/v2\/tags?post=189277"}],"curies":[{"name":"wp","href":"https:\/\/api.w.org\/{rel}","templated":true}]}}