{"id":189289,"date":"2025-02-08T09:00:12","date_gmt":"2025-02-08T12:00:12","guid":{"rendered":"https:\/\/corrientesdetarde.com\/?p=189289"},"modified":"2025-02-08T09:00:24","modified_gmt":"2025-02-08T12:00:24","slug":"hoy-se-completa-el-segundo-fin-de-semana-de-momo","status":"publish","type":"post","link":"https:\/\/corrientesdetarde.com\/index.php\/destacados\/hoy-se-completa-el-segundo-fin-de-semana-de-momo\/","title":{"rendered":"Hoy se completa el segundo fin de semana de Momo"},"content":{"rendered":"\n<p>Anoche, al cierre de esta edici\u00f3n, el cors\u00f3dromo esperaba el desfile de al menos cinco comparsas en la segunda jornada de los Corsos Oficiales de la ciudad de Corrientes, que la consagra como Capital Nacional del Carnaval.<\/p>\n\n\n\n<p>La segunda noche fue un despliegue de emociones con susto previo incluido por un chubasco que se precipit\u00f3 sobre la capital correntina en horas de la tarde, que hizo presagiar una eventual suspensi\u00f3n. As\u00ed como en las dos jornadas anteriores, se espera que la noche de hoy sea testigo de un espect\u00e1culo \u00fanico, en que el ritmo de samba y los deslumbrantes trajes de los protagonistas har\u00e1n vibrar al p\u00fablico.<\/p>\n\n\n\n<p>Como siempre, las entradas est\u00e1n a la venta en www.carnavalencorrientes.com, en el Shopping Centenario y en las boleter\u00edas del predio. No te pierdas la oportunidad de ser parte de la fiesta m\u00e1s espectacular del pa\u00eds.<\/p>\n\n\n\n<p>El orden de desfile del viernes fue el siguiente: Kamandukahia, Samba Show, Copacabana, Sambanda, Ara Ber\u00e1, Imperio Bahiano, Arand\u00fa Beleza, Samba Total y se esperaba que cierre Sapucay.<\/p>\n\n\n\n<p>El programa de hoy prev\u00e9 el desfile de momo a partir de las 22 con Samba Total, a la que seguir\u00e1n Sambanda, Arand\u00fa Beleza, Imperio Bahiano, Sapucay, Kamandukahia, Ara Ber\u00e1, Samba Show y Copacabana.<\/p>\n","protected":false},"excerpt":{"rendered":"<p>Anoche, al cierre de esta edici\u00f3n, el cors\u00f3dromo esperaba el desfile de al menos cinco comparsas en la segunda jornada de los Corsos Oficiales de la ciudad de Corrientes, que&hellip; <\/p>\n","protected":false},"author":3,"featured_media":189298,"comment_status":"closed","ping_status":"open","sticky":false,"template":"","format":"standard","meta":{"footnotes":""},"categories":[26],"tags":[],"class_list":["post-189289","post","type-post","status-publish","format-standard","has-post-thumbnail","hentry","category-destacados"],"_links":{"self":[{"href":"https:\/\/corrientesdetarde.com\/index.php\/wp-json\/wp\/v2\/posts\/189289","targetHints":{"allow":["GET"]}}],"collection":[{"href":"https:\/\/corrientesdetarde.com\/index.php\/wp-json\/wp\/v2\/posts"}],"about":[{"href":"https:\/\/corrientesdetarde.com\/index.php\/wp-json\/wp\/v2\/types\/post"}],"author":[{"embeddable":true,"href":"https:\/\/corrientesdetarde.com\/index.php\/wp-json\/wp\/v2\/users\/3"}],"replies":[{"embeddable":true,"href":"https:\/\/corrientesdetarde.com\/index.php\/wp-json\/wp\/v2\/comments?post=189289"}],"version-history":[{"count":1,"href":"https:\/\/corrientesdetarde.com\/index.php\/wp-json\/wp\/v2\/posts\/189289\/revisions"}],"predecessor-version":[{"id":189322,"href":"https:\/\/corrientesdetarde.com\/index.php\/wp-json\/wp\/v2\/posts\/189289\/revisions\/189322"}],"wp:featuredmedia":[{"embeddable":true,"href":"https:\/\/corrientesdetarde.com\/index.php\/wp-json\/wp\/v2\/media\/189298"}],"wp:attachment":[{"href":"https:\/\/corrientesdetarde.com\/index.php\/wp-json\/wp\/v2\/media?parent=189289"}],"wp:term":[{"taxonomy":"category","embeddable":true,"href":"https:\/\/corrientesdetarde.com\/index.php\/wp-json\/wp\/v2\/categories?post=189289"},{"taxonomy":"post_tag","embeddable":true,"href":"https:\/\/corrientesdetarde.com\/index.php\/wp-json\/wp\/v2\/tags?post=189289"}],"curies":[{"name":"wp","href":"https:\/\/api.w.org\/{rel}","templated":true}]}}