{"id":189291,"date":"2025-02-08T09:00:15","date_gmt":"2025-02-08T12:00:15","guid":{"rendered":"https:\/\/corrientesdetarde.com\/?p=189291"},"modified":"2025-02-08T09:00:16","modified_gmt":"2025-02-08T12:00:16","slug":"las-comparsas-barriales-recorren-la-ciudad-con-su-estilo-sustentable","status":"publish","type":"post","link":"https:\/\/corrientesdetarde.com\/index.php\/destacados\/las-comparsas-barriales-recorren-la-ciudad-con-su-estilo-sustentable\/","title":{"rendered":"Las comparsas barriales recorren la ciudad con su estilo sustentable"},"content":{"rendered":"\n<p>Los integrantes de cada una de las que desfilan en los cors\u00f3dromos itinerantes participaron de diferentes talleres a lo largo del a\u00f1o pasado para poder confeccionar sus trajes con materiales reciclables. El pr\u00f3ximo martes 11 la fiesta se trasladar\u00e1 al barrio 17 de Agosto.<\/p>\n\n\n\n<p>En la tercera noche de los Carnavales Barriales de la capital correntina se destacaron las actividades de preservaci\u00f3n del medio ambiente. Durante la jornada carnestolenda en el barrio Industrial se lucieron los trajes que realizaron durante el a\u00f1o y se trabaja para crear conciencia sobre la reutilizaci\u00f3n de materiales para su confecci\u00f3n.<\/p>\n\n\n\n<figure class=\"wp-block-image\"><img decoding=\"async\" src=\"https:\/\/www.diarioepoca.com\/content\/bucket\/4\/1409874w380h133c.jpg.webp\" alt=\"\"\/><\/figure>\n\n\n\n<p>Los vecinos del sector y de zonas aleda\u00f1as se volcaron para disfrutar de las 26 comparsas y m\u00e1s de 2.000 integrantes de las agrupaciones musicales y humor\u00edsticas que forman parte de esta edici\u00f3n 2025.<\/p>\n\n\n\n<p>&#8220;Cuando hablamos de carnaval barrial, nombramos ciertas caracter\u00edsticas especiales que lo distinguen de otros carnavales. Por un lado, la inclusi\u00f3n que siempre mencionamos. Participan todos desde los m\u00e1s chiquitos hasta los adultos mayores. Y la otra gran caracter\u00edstica es que es un carnaval sustentable, un carnaval que promueve el uso de materiales reciclados y reutilizables&#8221;, afirm\u00f3 el secretario de Coordinaci\u00f3n de Gobierno, Hugo Calvano, que asisti\u00f3 al evento que se desarroll\u00f3 por la avenida J. R. Fern\u00e1ndez.Previous<\/p>\n\n\n\n<figure class=\"wp-block-image\"><img decoding=\"async\" src=\"https:\/\/www.diarioepoca.com\/content\/bucket\/3\/1409873w790h720.jpg.webp\" alt=\"epc080225-008f02.jpg\"\/><figcaption class=\"wp-element-caption\">CHICOS Y GRANDES DISFRUTAN DE LA ALEGR\u00cdA DE LOS CORSOS POPULARES EN LA CIUDAD DE CORRIENTES.<\/figcaption><\/figure>\n\n\n\n<figure class=\"wp-block-image\"><img decoding=\"async\" src=\"https:\/\/www.diarioepoca.com\/content\/bucket\/5\/1409875h720.jpg.webp\" alt=\"epc080225-008f04.jpg\"\/><\/figure>\n\n\n\n<p>Next<\/p>\n\n\n\n<p>Calvano destac\u00f3 que los integrantes de los carnavales muestran &#8220;carrozas, trajes, grupos enteros reutilizando materiales, agregando valor a residuos y en ese sentido tambi\u00e9n tienen en su reglamento un premio por esto&#8221;. El funcionario record\u00f3 que para la realizaci\u00f3n de un carnaval sustentable, &#8220;la Municipalidad lo que hace es capacitarlos todo el a\u00f1o con talleristas, con artesanos para que ellos tengan m\u00e1s inventiva, m\u00e1s creatividad y puedan seguir ampliando&#8221;.<\/p>\n\n\n\n<p>La pr\u00f3xima noche de corsos barriales ser\u00e1 el martes en el populoso 17 de Agosto.<\/p>\n","protected":false},"excerpt":{"rendered":"<p>Los integrantes de cada una de las que desfilan en los cors\u00f3dromos itinerantes participaron de diferentes talleres a lo largo del a\u00f1o pasado para poder confeccionar sus trajes con materiales&hellip; <\/p>\n","protected":false},"author":3,"featured_media":189299,"comment_status":"closed","ping_status":"open","sticky":false,"template":"","format":"standard","meta":{"footnotes":""},"categories":[26],"tags":[],"class_list":["post-189291","post","type-post","status-publish","format-standard","has-post-thumbnail","hentry","category-destacados"],"_links":{"self":[{"href":"https:\/\/corrientesdetarde.com\/index.php\/wp-json\/wp\/v2\/posts\/189291","targetHints":{"allow":["GET"]}}],"collection":[{"href":"https:\/\/corrientesdetarde.com\/index.php\/wp-json\/wp\/v2\/posts"}],"about":[{"href":"https:\/\/corrientesdetarde.com\/index.php\/wp-json\/wp\/v2\/types\/post"}],"author":[{"embeddable":true,"href":"https:\/\/corrientesdetarde.com\/index.php\/wp-json\/wp\/v2\/users\/3"}],"replies":[{"embeddable":true,"href":"https:\/\/corrientesdetarde.com\/index.php\/wp-json\/wp\/v2\/comments?post=189291"}],"version-history":[{"count":1,"href":"https:\/\/corrientesdetarde.com\/index.php\/wp-json\/wp\/v2\/posts\/189291\/revisions"}],"predecessor-version":[{"id":189318,"href":"https:\/\/corrientesdetarde.com\/index.php\/wp-json\/wp\/v2\/posts\/189291\/revisions\/189318"}],"wp:featuredmedia":[{"embeddable":true,"href":"https:\/\/corrientesdetarde.com\/index.php\/wp-json\/wp\/v2\/media\/189299"}],"wp:attachment":[{"href":"https:\/\/corrientesdetarde.com\/index.php\/wp-json\/wp\/v2\/media?parent=189291"}],"wp:term":[{"taxonomy":"category","embeddable":true,"href":"https:\/\/corrientesdetarde.com\/index.php\/wp-json\/wp\/v2\/categories?post=189291"},{"taxonomy":"post_tag","embeddable":true,"href":"https:\/\/corrientesdetarde.com\/index.php\/wp-json\/wp\/v2\/tags?post=189291"}],"curies":[{"name":"wp","href":"https:\/\/api.w.org\/{rel}","templated":true}]}}