{"id":189295,"date":"2025-02-08T09:00:20","date_gmt":"2025-02-08T12:00:20","guid":{"rendered":"https:\/\/corrientesdetarde.com\/?p=189295"},"modified":"2025-02-08T09:00:21","modified_gmt":"2025-02-08T12:00:21","slug":"las-clases-comenzaran-el-5-de-marzo-en-corrientes-debido-a-la-ola-de-calor","status":"publish","type":"post","link":"https:\/\/corrientesdetarde.com\/index.php\/educacion\/las-clases-comenzaran-el-5-de-marzo-en-corrientes-debido-a-la-ola-de-calor\/","title":{"rendered":"Las clases comenzar\u00e1n el 5 de marzo en Corrientes debido a la ola de calor"},"content":{"rendered":"\n<p>As\u00ed lo confirm\u00f3 la ministra de Educaci\u00f3n Pr\u00e1xedes L\u00f3pez. La medida se dio debido a las altas temperaturas que se vienen registrando en la provincia. El inicio se dar\u00e1 despu\u00e9s del feriado largo de Carnaval.<\/p>\n\n\n\n<p>Luego de que se conocieran diferentes fechas para el regreso a clases que en un principio estaba pactado para el 24 de febrero, fuentes aseguran que despu\u00e9s de tantas idas y vueltas la fecha para dar inicio a las clases ser\u00e1 el mi\u00e9rcoles 5 de marzo y no el lunes 24 de febrero como estaba previsto en un principio.<\/p>\n\n\n\n<p>Lo dio a conocer la propia ministra de Educaci\u00f3n, Pr\u00e1xedes L\u00f3pez. Este cambio de fecha para el regreso a las clases es por pedido expreso del gobernador Gustavo Vald\u00e9s, ya que se tom\u00f3 en consideraci\u00f3n las altas temperaturas que se vienen registrando en esta parte del pa\u00eds.<\/p>\n\n\n\n<p>&#8220;El Gobernador me pidi\u00f3 que el inicio de las clases se postergue, pero para ello tenemos que trabajar para ver c\u00f3mo vamos a recuperar esos d\u00edas&#8221;, explic\u00f3 la ministra L\u00f3pez, en di\u00e1logo con Radio Dos, y luego agreg\u00f3 que ya se encuentran elaborando la modificaci\u00f3n del calendario escolar 2025.<\/p>\n\n\n\n<p>Como es sabido, debido a este retraso, el plan del Ministerio de Educaci\u00f3n de cumplir los 190 d\u00edas de clases no se podr\u00e1 llegar a completar con el inicio el 5 de marzo, por lo que se deber\u00e1n reacomodar algunas cuestiones para cumplir con lo deseado por la cartera educativa.<\/p>\n\n\n\n<figure class=\"wp-block-image\"><img decoding=\"async\" src=\"https:\/\/www.diarioepoca.com\/content\/bucket\/6\/1409866w380h133c.jpg.webp\" alt=\"\"\/><\/figure>\n\n\n\n<p>Cabe recordar que tambi\u00e9n se dieron algunas modificaciones en el calendario del ciclo escolar 2025, en el que se inform\u00f3 que el 14 de febrero ser\u00e1 la presentaci\u00f3n de personal de conducci\u00f3n, administrativos, preceptores y docentes con funciones administrativas.<\/p>\n\n\n\n<p>En tanto que el 17 de febrero ser\u00e1 la presentaci\u00f3n de los docentes.<\/p>\n\n\n\n<p>En principio, dicha presentaci\u00f3n de directivos, docentes y personal administrativo estaba prevista para el 10 de febrero, pero desde el Ministerio de Educaci\u00f3n decidieron correr la fecha.<\/p>\n\n\n\n<p>La gente estaba esperando saber cu\u00e1ndo ser\u00eda el retorno a clases, ya que luego de atravesar las vacaciones de verano, comienza la etapa de comprar los \u00fatiles para armar la mochila para el retorno a las aulas.<\/p>\n\n\n\n<p>Algunas de las posibilidades que se barajaron esta semana fueron el 26 de febrero, el 5 de marzo (que finalmente se concret\u00f3), el 6 de marzo y hasta el 10 de dicho mes.<\/p>\n\n\n\n<p>Cabe recordar que estas medidas se tomaron debido al intenso calor que atraviesa la provincia de Corrientes con temperaturas t\u00e9rmicas muy superiores a los 40 grados, lo que terci\u00f3 para que se decida correr nueve d\u00edas el retorno a las aulas, ya que podr\u00eda traer consecuencias muy desfavorables para los estudiantes y el propio personal docente.<\/p>\n\n\n\n<p>La medida se extiende porque en principio habr\u00eda sido una semana la posibilidad de retrasar el ciclo lectivo 2025, pero los feriados de Carnaval del 3 y 4 de marzo movieron la fecha al mi\u00e9rcoles 5 de marzo.<\/p>\n\n\n\n<p>El retraso del inicio del ciclo lectivo 2025 tambi\u00e9n le da unos d\u00edas m\u00e1s al ministerio para poner en condiciones los establecimientos escolares tanto de Capital como del interior.<\/p>\n","protected":false},"excerpt":{"rendered":"<p>As\u00ed lo confirm\u00f3 la ministra de Educaci\u00f3n Pr\u00e1xedes L\u00f3pez. La medida se dio debido a las altas temperaturas que se vienen registrando en la provincia. El inicio se dar\u00e1 despu\u00e9s&hellip; <\/p>\n","protected":false},"author":3,"featured_media":189301,"comment_status":"closed","ping_status":"open","sticky":false,"template":"","format":"standard","meta":{"footnotes":""},"categories":[32],"tags":[],"class_list":["post-189295","post","type-post","status-publish","format-standard","has-post-thumbnail","hentry","category-educacion"],"_links":{"self":[{"href":"https:\/\/corrientesdetarde.com\/index.php\/wp-json\/wp\/v2\/posts\/189295","targetHints":{"allow":["GET"]}}],"collection":[{"href":"https:\/\/corrientesdetarde.com\/index.php\/wp-json\/wp\/v2\/posts"}],"about":[{"href":"https:\/\/corrientesdetarde.com\/index.php\/wp-json\/wp\/v2\/types\/post"}],"author":[{"embeddable":true,"href":"https:\/\/corrientesdetarde.com\/index.php\/wp-json\/wp\/v2\/users\/3"}],"replies":[{"embeddable":true,"href":"https:\/\/corrientesdetarde.com\/index.php\/wp-json\/wp\/v2\/comments?post=189295"}],"version-history":[{"count":1,"href":"https:\/\/corrientesdetarde.com\/index.php\/wp-json\/wp\/v2\/posts\/189295\/revisions"}],"predecessor-version":[{"id":189320,"href":"https:\/\/corrientesdetarde.com\/index.php\/wp-json\/wp\/v2\/posts\/189295\/revisions\/189320"}],"wp:featuredmedia":[{"embeddable":true,"href":"https:\/\/corrientesdetarde.com\/index.php\/wp-json\/wp\/v2\/media\/189301"}],"wp:attachment":[{"href":"https:\/\/corrientesdetarde.com\/index.php\/wp-json\/wp\/v2\/media?parent=189295"}],"wp:term":[{"taxonomy":"category","embeddable":true,"href":"https:\/\/corrientesdetarde.com\/index.php\/wp-json\/wp\/v2\/categories?post=189295"},{"taxonomy":"post_tag","embeddable":true,"href":"https:\/\/corrientesdetarde.com\/index.php\/wp-json\/wp\/v2\/tags?post=189295"}],"curies":[{"name":"wp","href":"https:\/\/api.w.org\/{rel}","templated":true}]}}