{"id":189297,"date":"2025-02-08T09:00:22","date_gmt":"2025-02-08T12:00:22","guid":{"rendered":"https:\/\/corrientesdetarde.com\/?p=189297"},"modified":"2025-02-08T09:00:24","modified_gmt":"2025-02-08T12:00:24","slug":"impulsan-mediacion-con-un-curso-de-formacion-basica-para-la-comunidad","status":"publish","type":"post","link":"https:\/\/corrientesdetarde.com\/index.php\/educacion\/impulsan-mediacion-con-un-curso-de-formacion-basica-para-la-comunidad\/","title":{"rendered":"Impulsan Mediaci\u00f3n con un curso de formaci\u00f3n b\u00e1sica para la comunidad"},"content":{"rendered":"\n<p>La Facultad de Derecho y Ciencias Sociales y Pol\u00edticas de la Universidad Nacional del Nordeste realiza el curso b\u00e1sico de Mediaci\u00f3n, formulado en base al programa homologado por el Ministerio de Justicia de la Naci\u00f3n (MJDDHH). Dar\u00e1 inicio el pr\u00f3ximo mes de marzo y se dictar\u00e1 en formato virtual, con la posibilidad de realizar pr\u00e1cticas presenciales en Corrientes, o desde cualquier localidad a distancia.<\/p>\n\n\n\n<p>El curso, que se realiza en conjunto con el Centro de Mediaci\u00f3n del Poder Judicial de Corrientes, est\u00e1 dirigido por el doctor Miguel Ben\u00edtez y la doctora Dora Far\u00eda de Zuliani.<\/p>\n\n\n\n<p>Esta propuesta busca promover mecanismos de resoluci\u00f3n de conflictos y ofrecer formaci\u00f3n en mediaci\u00f3n conforme a la legislaci\u00f3n vigente. Quienes se grad\u00faen podr\u00e1n ejercer como mediadores tanto a nivel local como nacional.<\/p>\n\n\n\n<p>El curso est\u00e1 dividido en tres etapas. La primera prev\u00e9 seminarios a distancia, en forma asincr\u00f3nica. En la siguiente, habr\u00e1 entrenamiento con modalidad semipresencial, con clases sincr\u00f3nicas y asincr\u00f3nicas. La \u00faltima etapa prev\u00e9 pasant\u00edas de observaci\u00f3n en mediaci\u00f3n, dictadas en forma presencial y a distancia, con clases sincr\u00f3nicas y asincr\u00f3nicas.<\/p>\n\n\n\n<p>En ese contexto, la modalidad es semipresencial. Habr\u00e1 clases te\u00f3ricas que se dictar\u00e1n por Zoom y tambi\u00e9n clases pr\u00e1cticas desarrolladas en los centros judiciales de la regi\u00f3n, con apoyo del campus virtual. Es preciso destacar que se trata de una actividad arancelada que posee cupos limitados. Quienes tengan inter\u00e9s en participar de esta iniciativa pueden realizar consultas a sec.extension.derecho@comunidad<\/p>\n\n\n\n<p>unne.edu.ar. Inscripci\u00f3n en bit.ly\/FormacionBasicaMediacion.<\/p>\n","protected":false},"excerpt":{"rendered":"<p>La Facultad de Derecho y Ciencias Sociales y Pol\u00edticas de la Universidad Nacional del Nordeste realiza el curso b\u00e1sico de Mediaci\u00f3n, formulado en base al programa homologado por el Ministerio&hellip; <\/p>\n","protected":false},"author":3,"featured_media":189302,"comment_status":"closed","ping_status":"open","sticky":false,"template":"","format":"standard","meta":{"footnotes":""},"categories":[32],"tags":[],"class_list":["post-189297","post","type-post","status-publish","format-standard","has-post-thumbnail","hentry","category-educacion"],"_links":{"self":[{"href":"https:\/\/corrientesdetarde.com\/index.php\/wp-json\/wp\/v2\/posts\/189297","targetHints":{"allow":["GET"]}}],"collection":[{"href":"https:\/\/corrientesdetarde.com\/index.php\/wp-json\/wp\/v2\/posts"}],"about":[{"href":"https:\/\/corrientesdetarde.com\/index.php\/wp-json\/wp\/v2\/types\/post"}],"author":[{"embeddable":true,"href":"https:\/\/corrientesdetarde.com\/index.php\/wp-json\/wp\/v2\/users\/3"}],"replies":[{"embeddable":true,"href":"https:\/\/corrientesdetarde.com\/index.php\/wp-json\/wp\/v2\/comments?post=189297"}],"version-history":[{"count":1,"href":"https:\/\/corrientesdetarde.com\/index.php\/wp-json\/wp\/v2\/posts\/189297\/revisions"}],"predecessor-version":[{"id":189321,"href":"https:\/\/corrientesdetarde.com\/index.php\/wp-json\/wp\/v2\/posts\/189297\/revisions\/189321"}],"wp:featuredmedia":[{"embeddable":true,"href":"https:\/\/corrientesdetarde.com\/index.php\/wp-json\/wp\/v2\/media\/189302"}],"wp:attachment":[{"href":"https:\/\/corrientesdetarde.com\/index.php\/wp-json\/wp\/v2\/media?parent=189297"}],"wp:term":[{"taxonomy":"category","embeddable":true,"href":"https:\/\/corrientesdetarde.com\/index.php\/wp-json\/wp\/v2\/categories?post=189297"},{"taxonomy":"post_tag","embeddable":true,"href":"https:\/\/corrientesdetarde.com\/index.php\/wp-json\/wp\/v2\/tags?post=189297"}],"curies":[{"name":"wp","href":"https:\/\/api.w.org\/{rel}","templated":true}]}}