{"id":18950,"date":"2022-11-11T17:16:14","date_gmt":"2022-11-11T20:16:14","guid":{"rendered":"https:\/\/corrientesdetarde.com\/?p=18950"},"modified":"2022-11-11T17:16:18","modified_gmt":"2022-11-11T20:16:18","slug":"se-presento-una-nueva-edicion-del-festival-del-folclore-correntino","status":"publish","type":"post","link":"https:\/\/corrientesdetarde.com\/index.php\/cultura\/se-presento-una-nueva-edicion-del-festival-del-folclore-correntino\/","title":{"rendered":"Se present\u00f3 una nueva edici\u00f3n del Festival del Folclore Correntino"},"content":{"rendered":"\n<p>El municipio de Santo Tom\u00e9 dej\u00f3 oficialmente abierta la invitaci\u00f3n a la 57\u00b0 edici\u00f3n de este hist\u00f3rico evento, que se llevar\u00e1 a cabo los d\u00edas viernes 25 y s\u00e1bado 26 de noviembre en el escenario &#8220;Isaco Abitbol&#8221; del Anfiteatro Genaro Ber\u00f3n de Astrada. Esta iniciativa cuenta con el apoyo y acompa\u00f1amiento del Gobierno Provincial, que entiende al turismo como una actividad que impulsa a los municipios de Corrientes.<\/p>\n\n\n\n<p>Una imponente grilla de artistas conforman la grilla, actuar\u00e1n Los de Imaguar\u00e9, Destino San Javier, Yacar\u00e9 Manso y Los Nocheros, reuniendo a artistas destacados del pa\u00eds y la regi\u00f3n. Cabe mencionar que la entrada al predio ser\u00e1 gratuita y la propuesta se complementa con paseos de artesanos y gastron\u00f3micos.<\/p>\n\n\n\n<p>Estuvieron presentes el Subsecretario de Promoci\u00f3n e Inversiones Tur\u00edsticas, Klaus Liebig; el intendente de Santo Tom\u00e9, Augusto Suaid y el Director de Cultura y Turismo de Santo Tom\u00e9, Gerald Romero Sosa. El Director de Cultura y Turismo agradeci\u00f3 a los presentes el acompa\u00f1amiento y al Gobierno Provincial a trav\u00e9s del Ministerio de Turismo el espacio para presentar y promocionar el s\u00e9ptimo festival \u201ces el festival m\u00e1s importante e hist\u00f3rico de que tenemos en la provincia, uno de los m\u00e1s antiguos de la Naci\u00f3n. Estamos muy contentos de anunciar lo que va a ser la grilla para este viernes 25 y s\u00e1bado 26 de noviembre, dejando abierta la invitaci\u00f3n\u201d, expres\u00f3.<\/p>\n\n\n\n<p>El intendente Suaid sostuvo: \u201ces muy importante para nosotros dar inicio a esta nueva edici\u00f3n, la edici\u00f3n n\u00famero 57, siendo la m\u00e1s antigua de la provincia. Hacemos extensiva la invitaci\u00f3n a todos los ciudadanos de la provincia de Corrientes que nos quieran acompa\u00f1ar a vivir esta fiesta, la m\u00e1s representativa y cultural que tenemos en Santo Tom\u00e9, como as\u00ed tambi\u00e9n el carnaval. Invitarlos a que puedan conocer Santo Tom\u00e9, a conocer los atractivos tur\u00edsticos y destacar que la entrada va a ser libre y gratuita. Se va a desarrollar en Plaza Col\u00f3n, donde est\u00e1 el escenario Isaco Abitbol\u201d.<\/p>\n\n\n\n<p>El subsecretario Klaus Liebig en representaci\u00f3n de la ministra de Turismo Alejandra Eliciri felicit\u00f3 al equipo por la gesti\u00f3n y remarc\u00f3 el trabajo en conjunto. \u201cEl objetivo es continuar consolidando esa visi\u00f3n para trabajar en turismo, porque el turismo impulsa a el desarrollo de las localidades, Santo Tom\u00e9 es una ciudad anfitriona preparada para recibir a los turistas, apostando usted a una a una actividad que realmente va a fortalecer a Santo Tom\u00e9. Desde el Gobierno Provincial con el Gobernador Gustavo Vald\u00e9s se apuesta fuertemente a la actividad tur\u00edstica, es una pol\u00edtica de Estado\u201d, remarc\u00f3.<\/p>\n\n\n\n<p><strong>Grilla del Festival<\/strong><\/p>\n\n\n\n<p><strong>Viernes 25<\/strong><\/p>\n\n\n\n<p>Refugio de So\u00f1adores.<\/p>\n\n\n\n<p>Quimera.<\/p>\n\n\n\n<p>Carlos Ram\u00edrez, s\u00edmbolo del Cuarteto de Carlos Talavera.<\/p>\n\n\n\n<p>Felipe Moreyra.<\/p>\n\n\n\n<p>Lanzamiento Oficial del FFC 2022.<\/p>\n\n\n\n<p>Ballet Municipal \u201cRa\u00edces de mi Tierra\u201d.<\/p>\n\n\n\n<p>Guaran\u00edtica.<\/p>\n\n\n\n<p>Hermanos Br\u00edtez.<\/p>\n\n\n\n<p>Embajada Playadito.<\/p>\n\n\n\n<p>Sangre Paiubrera.<\/p>\n\n\n\n<p>Renato Fagundez.<\/p>\n\n\n\n<p>Tup\u00e1.<\/p>\n\n\n\n<p>Los de Imaguar\u00e9.<\/p>\n\n\n\n<p>Destino San Javier.<\/p>\n\n\n\n<p>La Princesita Viky S\u00e1nchez.<\/p>\n\n\n\n<p>Matua Mercede\u00f1os.<\/p>\n\n\n\n<p><strong>S\u00e1bado 26<\/strong><\/p>\n\n\n\n<p>La \u00daltima y Nos Vamos.<\/p>\n\n\n\n<p>Tradici\u00f3n Guaran\u00ed.<\/p>\n\n\n\n<p>Adolfo P\u00edriz.<\/p>\n\n\n\n<p>Entrevero.<\/p>\n\n\n\n<p>Embajada Playadito.<\/p>\n\n\n\n<p>Rafa Fond\u00f3n.<\/p>\n\n\n\n<p>Ricardito Silva.<\/p>\n\n\n\n<p>Pago Por\u00e1.<\/p>\n\n\n\n<p>Yacar\u00e9 Manso.<\/p>\n\n\n\n<p>La Incendiada.<\/p>\n\n\n\n<p>Quinteto Cocomarola.<\/p>\n\n\n\n<p>Amanday\u00e9.<\/p>\n\n\n\n<p>Los Alonsitos.<\/p>\n\n\n\n<p>Los Nocheros.<\/p>\n\n\n\n<p>La Pilarcita.<\/p>\n\n\n\n<p>Camb\u00e1 Molina.<\/p>\n\n\n\n<p>Transmisi\u00f3n en vivo por Telesat y Telecom S.A. las dos noches.<\/p>\n\n\n\n\n","protected":false},"excerpt":{"rendered":"<p>El municipio de Santo Tom\u00e9 dej\u00f3 oficialmente abierta la invitaci\u00f3n a la 57\u00b0 edici\u00f3n de este hist\u00f3rico evento, que se llevar\u00e1 a cabo los d\u00edas viernes 25 y s\u00e1bado 26&hellip; <\/p>\n","protected":false},"author":8,"featured_media":18951,"comment_status":"closed","ping_status":"open","sticky":false,"template":"","format":"standard","meta":{"footnotes":""},"categories":[15],"tags":[],"class_list":["post-18950","post","type-post","status-publish","format-standard","has-post-thumbnail","hentry","category-cultura"],"_links":{"self":[{"href":"https:\/\/corrientesdetarde.com\/index.php\/wp-json\/wp\/v2\/posts\/18950","targetHints":{"allow":["GET"]}}],"collection":[{"href":"https:\/\/corrientesdetarde.com\/index.php\/wp-json\/wp\/v2\/posts"}],"about":[{"href":"https:\/\/corrientesdetarde.com\/index.php\/wp-json\/wp\/v2\/types\/post"}],"author":[{"embeddable":true,"href":"https:\/\/corrientesdetarde.com\/index.php\/wp-json\/wp\/v2\/users\/8"}],"replies":[{"embeddable":true,"href":"https:\/\/corrientesdetarde.com\/index.php\/wp-json\/wp\/v2\/comments?post=18950"}],"version-history":[{"count":1,"href":"https:\/\/corrientesdetarde.com\/index.php\/wp-json\/wp\/v2\/posts\/18950\/revisions"}],"predecessor-version":[{"id":18952,"href":"https:\/\/corrientesdetarde.com\/index.php\/wp-json\/wp\/v2\/posts\/18950\/revisions\/18952"}],"wp:featuredmedia":[{"embeddable":true,"href":"https:\/\/corrientesdetarde.com\/index.php\/wp-json\/wp\/v2\/media\/18951"}],"wp:attachment":[{"href":"https:\/\/corrientesdetarde.com\/index.php\/wp-json\/wp\/v2\/media?parent=18950"}],"wp:term":[{"taxonomy":"category","embeddable":true,"href":"https:\/\/corrientesdetarde.com\/index.php\/wp-json\/wp\/v2\/categories?post=18950"},{"taxonomy":"post_tag","embeddable":true,"href":"https:\/\/corrientesdetarde.com\/index.php\/wp-json\/wp\/v2\/tags?post=18950"}],"curies":[{"name":"wp","href":"https:\/\/api.w.org\/{rel}","templated":true}]}}