{"id":189583,"date":"2025-02-09T20:30:00","date_gmt":"2025-02-09T23:30:00","guid":{"rendered":"https:\/\/corrientesdetarde.com\/?p=189583"},"modified":"2025-02-09T20:52:21","modified_gmt":"2025-02-09T23:52:21","slug":"el-gobierno-dio-detalles-del-operativo-contra-el-fuego-en-la-patagonia","status":"publish","type":"post","link":"https:\/\/corrientesdetarde.com\/index.php\/politica\/el-gobierno-dio-detalles-del-operativo-contra-el-fuego-en-la-patagonia\/","title":{"rendered":"El Gobierno dio detalles del operativo contra el fuego en la Patagonia."},"content":{"rendered":"\n<h2 class=\"wp-block-heading\">Las autoridades nacionales informaron la asistencia enviada a las provincias afectadas por las llamas y detall\u00f3 los recursos que se transfirieron por ATN.<\/h2>\n\n\n\n<p>Luego de las cr\u00edticas que recibi\u00f3 por parte de la oposici\u00f3n en medio de los\u00a0intensos incendios en la Patagonia\u00a0y en otras regiones de la Argentina, el Gobierno sali\u00f3 este domingo a defender su gesti\u00f3n en la lucha contra esos focos y asegur\u00f3 que se envi\u00f3 asistencia material y aportes del Tesoro para las zonas afectadas.<\/p>\n\n\n\n<p>A trav\u00e9s de diferentes mensajes que publicaron en sus cuentas de X, los principales funcionarios nacionales que intervienen en el tema destacaron las tareas que vienen realizando para tratar de apagar las llamas.<\/p>\n\n\n\n<p>Uno de ellos fue el propio jefe de Gabinete,\u00a0<strong>Guillermo Francos<\/strong>, quien sostuvo que desde la administraci\u00f3n libertaria se est\u00e1 \u201ctrabajando en conjunto con las provincias afectadas\u201d, que son\u00a0<strong>Corrientes, Chubut, R\u00edo Negro, C\u00f3rdoba, Neuqu\u00e9n y Catamarca<\/strong>.<\/p>\n\n\n\n<p>El funcionario detall\u00f3 que se est\u00e1 cooperando \u201ccon recursos propios y otros convocados por el Sistema Federal de Manejo del Fuego y de la Administraci\u00f3n de Parques Nacionales\u201d.<\/p>\n\n\n\n<figure class=\"wp-block-image size-full\"><img loading=\"lazy\" decoding=\"async\" width=\"992\" height=\"744\" src=\"https:\/\/corrientesdetarde.com\/wp-content\/uploads\/2025\/02\/image-306.png\" alt=\"\" class=\"wp-image-189589\" srcset=\"https:\/\/corrientesdetarde.com\/wp-content\/uploads\/2025\/02\/image-306.png 992w, https:\/\/corrientesdetarde.com\/wp-content\/uploads\/2025\/02\/image-306-300x225.png 300w, https:\/\/corrientesdetarde.com\/wp-content\/uploads\/2025\/02\/image-306-768x576.png 768w\" sizes=\"auto, (max-width: 992px) 100vw, 992px\" \/><\/figure>\n\n\n\n<p>\u201cLos recursos desplegados en la Patagonia consisten en<strong>\u00a09 aviones, 10 helic\u00f3pteros, 4 autobombas forestales, 5 pick ups, 4 camiones dormitorios, 61 brigadistas del SNMF, 15 brigadistas de la PFA, 22 brigadistas de C\u00f3rdoba, coordinadores regionales, pilotos y equipos de apoyo terrestre para los pilotos<\/strong>. Adem\u00e1s, se destinaron 7000 millones de pesos en concepto de Adelanto del Tesoro Nacional a la provincia de Chubut y 5000 millones de pesos a R\u00edo Negro para la reconstrucci\u00f3n de viviendas&#8221;, remarc\u00f3.<\/p>\n\n\n\n<p>Adem\u00e1s, Francos remarc\u00f3 que, \u201cgracias a la inmediatez de ARCA, se ingres\u00f3 al pa\u00eds equipamiento obtenido a trav\u00e9s de la Fundaci\u00f3n Patagonia:&nbsp;<strong>equipos completos de ropa ign\u00edfuga para 100 brigadistas adicionales y 22 motobombas Mark 3 (canadienses) con accesorios de Chile&#8221;<\/strong>.<\/p>\n\n\n\n<p>En este sentido, precis\u00f3 que \u201cen la provincia de Corrientes se desplegaron 2 aviones, un helic\u00f3ptero, 33 brigadistas del SNMF y un coordinador a\u00e9reo\u201d, mientras que a Catamarca \u201cse destin\u00f3 una autobomba SCAM AR 015 del SNMF\u201d y a La Pampa, un avi\u00f3n.<\/p>\n\n\n\n<p>\u201cMuchos de estos incendios se producen por acci\u00f3n intencional o a causa de descuidos humanos, lo que complejiza a\u00fan m\u00e1s su control.<strong>&nbsp;Algunos de sus autores han sido detenidos y puestos a disposici\u00f3n de la Justicia.&nbsp;<\/strong>Continuamos avanzando en los trabajos de inteligencia necesarios para identificar a los responsables y prevenir estas acciones. Seguimos trabajando para asistir a las jurisdicciones afectadas y reforzar las tareas de combate del fuego&#8221;, cerr\u00f3.<\/p>\n\n\n\n<p>Por su parte, la ministra de Seguridad,&nbsp;<strong>Patricia Bullrich<\/strong>, comparti\u00f3 en las redes sociales un video de un helic\u00f3ptero hidrante trabajando en la zona y un texto titulado \u201cla verdad de las cosas\u201d.<\/p>\n\n\n\n<p>\u201cDesde el primer d\u00eda, este Gobierno se comprometi\u00f3 con hechos, no con discursos vac\u00edos. En la Patagonia y en todo el territorio, estamos desplegando aviones hidrantes, helic\u00f3pteros, brigadistas, veh\u00edculos y equipos t\u00e9cnicos para frenar los incendios\u201d, indic\u00f3.<\/p>\n\n\n\n<p>Al respecto, se\u00f1al\u00f3 que en R\u00edo Negro, Chubut, Neuqu\u00e9n, Corrientes, Catamarca y La Pampa se encuentran \u201ccientos de brigadistas y medios de nuestro Servicio Nacional de Manejo del Fuego en acci\u00f3n\u201d.<\/p>\n\n\n\n<p>\u201cCon destreza y valent\u00eda est\u00e1n dando una verdadera guerra sin cuartel contra este infierno.&nbsp;<strong>Mientras algunos se suben al escenario a vender humo, nosotros lo apagamos\u201d<\/strong>, exclam\u00f3.<\/p>\n\n\n\n<p>Asimismo, su par de Defensa,&nbsp;<strong>Luis Petri<\/strong>, reposte\u00f3 un mensaje de la cartera que conduce, en el que se informa que el Ej\u00e9rcito est\u00e1 cumpliendo diferentes tareas en la ciudad de El Bols\u00f3n, \u201cbrindando apoyo a los brigadistas provinciales y federales\u201d.<\/p>\n\n\n\n<figure class=\"wp-block-image size-full\"><img loading=\"lazy\" decoding=\"async\" width=\"992\" height=\"850\" src=\"https:\/\/corrientesdetarde.com\/wp-content\/uploads\/2025\/02\/image-307.png\" alt=\"\" class=\"wp-image-189590\" srcset=\"https:\/\/corrientesdetarde.com\/wp-content\/uploads\/2025\/02\/image-307.png 992w, https:\/\/corrientesdetarde.com\/wp-content\/uploads\/2025\/02\/image-307-300x257.png 300w, https:\/\/corrientesdetarde.com\/wp-content\/uploads\/2025\/02\/image-307-768x658.png 768w\" sizes=\"auto, (max-width: 992px) 100vw, 992px\" \/><\/figure>\n\n\n\n<p>&#8220;<strong>Ahora, con el despliegue del 2\u00b0 escal\u00f3n de apoyo, las Fuerzas Armadas intensifican la lucha contra el fuego en la regi\u00f3n<\/strong>. Desde el Regimiento de Caballer\u00eda de Exploraci\u00f3n 3 se est\u00e1 proporcionando alojamiento de campa\u00f1a en la zona de trabajo, elaborando raciones diarias en refugio de media altura y dando apoyo de transporte terrestre a los brigadistas&#8221;, explic\u00f3.<\/p>\n\n\n\n<p>Por \u00faltimo, cont\u00f3 que \u201ctambi\u00e9n se est\u00e1 clasificando y distribuyendo el material donado, un aporte fundamental que realiza la comunidad con gran esfuerzo\u201d.<\/p>\n\n\n\n<p>\u201cDesde el Escuadr\u00f3n de Exploraci\u00f3n y Ataque 602 se est\u00e1 realizando el traslado a\u00e9reo de brigadistas a las zonas de primera l\u00ednea de fuego con un helic\u00f3ptero UH-1H en acci\u00f3n\u201d, cerr\u00f3.<\/p>\n\n\n\n<p><a href=\"https:\/\/www.infobae.com\/sociedad\/2025\/02\/09\/neuquen-tambien-sufre-por-los-incendios-hay-15000-hectareas-afectadas-en-el-parque-lanin-y-las-condiciones-climaticas-complican-su-control\/\" target=\"_blank\" rel=\"noreferrer noopener\"><\/a><\/p>\n","protected":false},"excerpt":{"rendered":"<p>Las autoridades nacionales informaron la asistencia enviada a las provincias afectadas por las llamas y detall\u00f3 los recursos que se transfirieron por ATN. Luego de las cr\u00edticas que recibi\u00f3 por&hellip; <\/p>\n","protected":false},"author":6,"featured_media":189591,"comment_status":"closed","ping_status":"open","sticky":false,"template":"","format":"standard","meta":{"footnotes":""},"categories":[3],"tags":[],"class_list":["post-189583","post","type-post","status-publish","format-standard","has-post-thumbnail","hentry","category-politica"],"_links":{"self":[{"href":"https:\/\/corrientesdetarde.com\/index.php\/wp-json\/wp\/v2\/posts\/189583","targetHints":{"allow":["GET"]}}],"collection":[{"href":"https:\/\/corrientesdetarde.com\/index.php\/wp-json\/wp\/v2\/posts"}],"about":[{"href":"https:\/\/corrientesdetarde.com\/index.php\/wp-json\/wp\/v2\/types\/post"}],"author":[{"embeddable":true,"href":"https:\/\/corrientesdetarde.com\/index.php\/wp-json\/wp\/v2\/users\/6"}],"replies":[{"embeddable":true,"href":"https:\/\/corrientesdetarde.com\/index.php\/wp-json\/wp\/v2\/comments?post=189583"}],"version-history":[{"count":2,"href":"https:\/\/corrientesdetarde.com\/index.php\/wp-json\/wp\/v2\/posts\/189583\/revisions"}],"predecessor-version":[{"id":189594,"href":"https:\/\/corrientesdetarde.com\/index.php\/wp-json\/wp\/v2\/posts\/189583\/revisions\/189594"}],"wp:featuredmedia":[{"embeddable":true,"href":"https:\/\/corrientesdetarde.com\/index.php\/wp-json\/wp\/v2\/media\/189591"}],"wp:attachment":[{"href":"https:\/\/corrientesdetarde.com\/index.php\/wp-json\/wp\/v2\/media?parent=189583"}],"wp:term":[{"taxonomy":"category","embeddable":true,"href":"https:\/\/corrientesdetarde.com\/index.php\/wp-json\/wp\/v2\/categories?post=189583"},{"taxonomy":"post_tag","embeddable":true,"href":"https:\/\/corrientesdetarde.com\/index.php\/wp-json\/wp\/v2\/tags?post=189583"}],"curies":[{"name":"wp","href":"https:\/\/api.w.org\/{rel}","templated":true}]}}