{"id":190002,"date":"2025-02-11T14:36:09","date_gmt":"2025-02-11T17:36:09","guid":{"rendered":"https:\/\/corrientesdetarde.com\/?p=190002"},"modified":"2025-02-11T14:36:13","modified_gmt":"2025-02-11T17:36:13","slug":"ordenan-peritar-los-bienes-de-cristina-kirchner-en-una-causa-por-presunto-enriquecimiento-ilicito","status":"publish","type":"post","link":"https:\/\/corrientesdetarde.com\/index.php\/politica\/ordenan-peritar-los-bienes-de-cristina-kirchner-en-una-causa-por-presunto-enriquecimiento-ilicito\/","title":{"rendered":"Ordenan peritar los bienes de Cristina Kirchner en una causa por presunto enriquecimiento il\u00edcito"},"content":{"rendered":"\n<p>El fiscal federal Gerardo Pollicita busca determinar si hubo irregularidades en la evoluci\u00f3n patrimonial de la expresidenta en el per\u00edodo entre 2009 y 2015.<\/p>\n\n\n\n<p>La\u00a0<strong>Justicia federal<\/strong>\u00a0orden\u00f3 un\u00a0<strong>peritaje contable<\/strong>\u00a0para determinar si hubo\u00a0<strong>irregularidades\u00a0<\/strong>en la\u00a0<strong>evoluci\u00f3n patrimonial<\/strong>\u00a0de\u00a0<strong>Cristina Kirchner<\/strong>. La medida fue ordenada tras la\u00a0<strong>reapertura de una causa\u00a0<\/strong>por presunto\u00a0<strong>enriquecimiento il\u00edcito<\/strong>, impulsada por la\u00a0<strong>C\u00e1mara Federal porte\u00f1a<\/strong>\u00a0a fines de 2024.<\/p>\n\n\n\n<p>La investigaci\u00f3n, encabezada por el fiscal federal&nbsp;<strong>Gerardo Pollicita<\/strong>, apunta a esclarecer la&nbsp;<strong>declaraci\u00f3n de bienes<\/strong>&nbsp;de la exmandataria entre 2009 y 2015. Se analizar\u00e1n ocho aspectos clave, incluyendo&nbsp;<strong>propiedades&nbsp;<\/strong>en&nbsp;<strong>R\u00edo Gallegos y El Calafate<\/strong>, la relaci\u00f3n con&nbsp;<strong>Austral Construcciones<\/strong>&nbsp;de&nbsp;<strong>L\u00e1zaro B\u00e1ez<\/strong>, la transferencia de&nbsp;<strong>terrenos&nbsp;<\/strong>y la correcta exteriorizaci\u00f3n de&nbsp;<strong>plazos fijos<\/strong>&nbsp;y&nbsp;<strong>dep\u00f3sitos en d\u00f3lares<\/strong>.<\/p>\n\n\n\n<p>Uno de los puntos&nbsp;<strong>bajo la lupa<\/strong>&nbsp;es una casa en la calle 25 de Mayo, en&nbsp;<strong>R\u00edo Gallegos<\/strong>, para determinar su titularidad y variaciones en su valor declarado. Tambi\u00e9n se investigar\u00e1 la cesi\u00f3n de un terreno en El Calafate a B\u00e1ez y la inscripci\u00f3n de un&nbsp;<strong>predio de 87.000 metros cuadrados<\/strong>&nbsp;a nombre de N\u00e9stor Kirchner, pese a que figuraba como copropietario junto a Austral Construcciones desde 2006.<\/p>\n\n\n\n<p>El peritaje, ordenado el 26 de diciembre, cuando se iniciaba la feria judicial, tambi\u00e9n evaluar\u00e1 las&nbsp;<strong>cuentas bancarias de la expresidenta y su grupo familiar<\/strong>, adem\u00e1s de los&nbsp;<strong>movimientos financieros<\/strong>&nbsp;vinculados a sociedades en las que tuvo participaci\u00f3n. Se pondr\u00e1 especial atenci\u00f3n en los&nbsp;<strong>ingresos declarados en relaci\u00f3n con su nivel de gastos<\/strong>, as\u00ed como en eventuales inconsistencias en la documentaci\u00f3n respaldatoria de su crecimiento patrimonial.<\/p>\n\n\n\n<p>El peritaje contable ordenado por Pollicita&nbsp;<strong>se suma a otras medidas<\/strong>&nbsp;dispuestas por el fiscal, como la solicitud de&nbsp;<strong>informaci\u00f3n actualizada al Registro de la Propiedad Inmueble de Santa Cruz y a la Municipalidad de El Calafate.&nbsp;<\/strong>Adem\u00e1s, se requiri\u00f3 al Juzgado de Primera Instancia en lo Civil, Comercial, Laboral y de Miner\u00eda N\u00b0 2 de Santa Cruz que remita&nbsp;<strong>copias certificadas del expediente de la sucesi\u00f3n de N\u00e9stor Kirchner&nbsp;<\/strong>ante la posible omisi\u00f3n de bienes en la herencia.<\/p>\n\n\n\n<p>Las pesquisas sobre el patrimonio de Cristina Kirchner no son nuevas. En al menos tres oportunidades, distintos jueces consideraron que&nbsp;<strong>no hab\u00eda pruebas suficientes para imputarla por enriquecimiento il\u00edcito<\/strong>. En junio de 2024, el juez&nbsp;<strong>Juli\u00e1n Ercolini<\/strong>&nbsp;archiv\u00f3 una causa similar que abarcaba el per\u00edodo en que ocup\u00f3 la Presidencia.<\/p>\n\n\n\n<p>Las partes involucradas en la causa ya fueron&nbsp;<strong>notificadas de las medidas<\/strong>&nbsp;y tendr\u00e1n la posibilidad de proponer&nbsp;<strong>peritos de su confianza<\/strong>, as\u00ed como puntos periciales adicionales que consideren relevantes. En tanto, la Direcci\u00f3n General de Asesoramiento Econ\u00f3mico y Financiero en las Investigaciones (<strong>DAFI<\/strong>) actuar\u00e1 como perito de parte en representaci\u00f3n del Ministerio P\u00fablico Fiscal.<\/p>\n\n\n\n<p>Cristina Kirchner, que en su \u00faltima declaraci\u00f3n jurada expuso un patrimonio de&nbsp;<strong>250 millones de pesos<\/strong>, afronta paralelamente un pedido de&nbsp;<strong>decomiso de 80.000 millones de pesos en la causa Vialidad.<\/strong><\/p>\n","protected":false},"excerpt":{"rendered":"<p>El fiscal federal Gerardo Pollicita busca determinar si hubo irregularidades en la evoluci\u00f3n patrimonial de la expresidenta en el per\u00edodo entre 2009 y 2015. La\u00a0Justicia federal\u00a0orden\u00f3 un\u00a0peritaje contable\u00a0para determinar si&hellip; <\/p>\n","protected":false},"author":8,"featured_media":190003,"comment_status":"closed","ping_status":"open","sticky":false,"template":"","format":"standard","meta":{"footnotes":""},"categories":[3],"tags":[],"class_list":["post-190002","post","type-post","status-publish","format-standard","has-post-thumbnail","hentry","category-politica"],"_links":{"self":[{"href":"https:\/\/corrientesdetarde.com\/index.php\/wp-json\/wp\/v2\/posts\/190002","targetHints":{"allow":["GET"]}}],"collection":[{"href":"https:\/\/corrientesdetarde.com\/index.php\/wp-json\/wp\/v2\/posts"}],"about":[{"href":"https:\/\/corrientesdetarde.com\/index.php\/wp-json\/wp\/v2\/types\/post"}],"author":[{"embeddable":true,"href":"https:\/\/corrientesdetarde.com\/index.php\/wp-json\/wp\/v2\/users\/8"}],"replies":[{"embeddable":true,"href":"https:\/\/corrientesdetarde.com\/index.php\/wp-json\/wp\/v2\/comments?post=190002"}],"version-history":[{"count":1,"href":"https:\/\/corrientesdetarde.com\/index.php\/wp-json\/wp\/v2\/posts\/190002\/revisions"}],"predecessor-version":[{"id":190004,"href":"https:\/\/corrientesdetarde.com\/index.php\/wp-json\/wp\/v2\/posts\/190002\/revisions\/190004"}],"wp:featuredmedia":[{"embeddable":true,"href":"https:\/\/corrientesdetarde.com\/index.php\/wp-json\/wp\/v2\/media\/190003"}],"wp:attachment":[{"href":"https:\/\/corrientesdetarde.com\/index.php\/wp-json\/wp\/v2\/media?parent=190002"}],"wp:term":[{"taxonomy":"category","embeddable":true,"href":"https:\/\/corrientesdetarde.com\/index.php\/wp-json\/wp\/v2\/categories?post=190002"},{"taxonomy":"post_tag","embeddable":true,"href":"https:\/\/corrientesdetarde.com\/index.php\/wp-json\/wp\/v2\/tags?post=190002"}],"curies":[{"name":"wp","href":"https:\/\/api.w.org\/{rel}","templated":true}]}}