{"id":190005,"date":"2025-02-11T14:38:08","date_gmt":"2025-02-11T17:38:08","guid":{"rendered":"https:\/\/corrientesdetarde.com\/?p=190005"},"modified":"2025-02-11T14:38:13","modified_gmt":"2025-02-11T17:38:13","slug":"se-supo-cuando-se-volveran-a-enfrentar-franco-colapinto-y-jack-doohan-en-las-proximas-pruebas-de-la-f1","status":"publish","type":"post","link":"https:\/\/corrientesdetarde.com\/index.php\/deportes\/se-supo-cuando-se-volveran-a-enfrentar-franco-colapinto-y-jack-doohan-en-las-proximas-pruebas-de-la-f1\/","title":{"rendered":"Se supo cu\u00e1ndo se volver\u00e1n a enfrentar Franco Colapinto y Jack Doohan en las pr\u00f3ximas pruebas de la F1"},"content":{"rendered":"\n<p>El joven argentino, que lleg\u00f3 a la escuder\u00eda Alpine como piloto de reserva, podr\u00eda quitarle una de las butacas titulares al australiano. Todo se definir\u00e1 en los pr\u00f3ximos d\u00edas.<\/p>\n\n\n\n<p>Aunque en un principio\u00a0<strong>Franco Colapinto<\/strong>\u00a0se sum\u00f3 al equipo\u00a0<strong>Alpine\u00a0<\/strong>de la\u00a0<strong>F\u00f3rmula 1<\/strong>\u00a0como piloto de reserva, su gran desempe\u00f1o en las pruebas y su proyecci\u00f3n lo llevaron a meterse de lleno en la pelea por una de las butacas principales de la escuder\u00eda francesa.<\/p>\n\n\n\n<p>Ante ese escenario,&nbsp;<strong>el joven piloto argentino compite directamente con Jack Doohan<\/strong>. Si logra demostrar un mejor nivel que el australiano, Colapinto podr\u00eda hacerse de un lugar entre los&nbsp;<strong>titulares&nbsp;<\/strong>en la temporada de la F1 que est\u00e1 por comenzar.<\/p>\n\n\n\n<p>Tras las primeras pruebas TPC en Barcelona,&nbsp;<strong>Alpine ya defini\u00f3 una nueva sesi\u00f3n entre Colapinto y Doohan para los ensayos rumbo a Bahrein<\/strong>. Lo que ocurra en esa prueba podr\u00eda&nbsp;<strong>marcar el camino<\/strong>&nbsp;de ambos en las escuder\u00eda.<\/p>\n\n\n\n<p>Este evento tendr\u00e1 lugar&nbsp;<strong>entre el mi\u00e9rcoles 26 y el viernes 28 de febrero<\/strong>&nbsp;en dos turnos: 4 a 8 y de 10 a 14 (hora de la Argentina). Adem\u00e1s,&nbsp;<strong>contar\u00e1n con transmisi\u00f3n en vivo por televisi\u00f3n<\/strong>.<\/p>\n\n\n\n<figure class=\"wp-block-image\"><img decoding=\"async\" src=\"https:\/\/tn.com.ar\/resizer\/v2\/la-escuderia-alpine-habria-tomado-una-fuerte-decision-para-que-colapinto-compita-directamente-con-doohan-foto-francolapinto-igjackdoohan-ig-FZKCMBEMZBGB7PKOTV7L55LIX4.jpg?auth=95aa4289fe77a85d412e1aa2f513f6cf8d770711d053a832adba92ff36d497b3&amp;width=767\" alt=\"La escuder\u00eda Alpine habr\u00eda tomado una fuerte decisi\u00f3n para que Colapinto compita directamente con Doohan. (Foto: francolapinto-IG\/jackdoohan-IG)\"\/><\/figure>\n\n\n\n<p>Esta informaci\u00f3n la dio a conocer&nbsp;<em>TyC Sports<\/em>, aunque por el momento no fue comunicada por la escuder\u00eda francesa. Esto ir\u00eda en sinton\u00eda con el exhaustivo informe que pidi\u00f3 Flavio Briatore.<\/p>\n\n\n\n<h2 class=\"wp-block-heading\">Qu\u00e9 son las pruebas TPC de la F\u00f3rmula 1<\/h2>\n\n\n\n<p>Las TPC&nbsp;<strong>permiten a los equipos utilizar monoplazas con m\u00e1s de dos a\u00f1os de antig\u00fcedad para brindar a los pilotos la oportunidad de prepararse para la F1<\/strong>&nbsp;y, si es necesario, estar listos para reemplazar a los titulares sin dificultades.<\/p>\n\n\n\n<p>L<strong>as TPC est\u00e1n limitadas a 20 d\u00edas al a\u00f1o y est\u00e1n destinadas principalmente a pilotos novatos o que no compiten en el campeonato<\/strong>. Tambi\u00e9n existe la posibilidad de que pilotos de la parrilla titular participen, aunque solo pueden recorrer un m\u00e1ximo de 1000 kil\u00f3metros en cuatro d\u00edas de pruebas.<\/p>\n\n\n\n<figure class=\"wp-block-image\"><img decoding=\"async\" src=\"https:\/\/tn.com.ar\/resizer\/v2\/franco-colapinto-posando-junto-al-historico-monoplaza-de-renault-con-el-que-fernando-alonso-se-consagro-campeon-del-mundo-en-la-formula-1-foto-francolapintoig-GHOTVWCJEJCLXJYESFTXIOXEXI.jpg?auth=221a0e5da38d9e5b50829bc901e20c0efc1b1a43bc5c9efc7a49bfcfb5e82bfb&amp;width=767\" alt=\"Franco Colapinto posando junto al hist\u00f3rico monoplaza de Renault con el que Fernando Alonso se consagr\u00f3 campe\u00f3n del mundo en la F\u00f3rmula 1. (Foto: francolapinto\/IG)\"\/><\/figure>\n\n\n\n<p>Estas pruebas pueden realizarse en circuitos que formen parte del calendario de la temporada 2025 o del a\u00f1o anterior, pero no est\u00e1n permitidas en pistas que vayan a albergar una carrera dentro de los 60 d\u00edas posteriores ni en trazados que hayan sido significativamente modificados para evitar ventajas competitivas.<\/p>\n\n\n\n<p>Con este programa de pruebas,&nbsp;<strong>Alpine asegura que Franco Colapinto se prepare de la mejor manera posible<\/strong>, aumentando sus posibilidades de ser una opci\u00f3n viable en caso de reemplazar a&nbsp;<strong>Pierre Gasly<\/strong>&nbsp;o&nbsp;<strong>Jack Doohan<\/strong>&nbsp;durante la temporada.<\/p>\n","protected":false},"excerpt":{"rendered":"<p>El joven argentino, que lleg\u00f3 a la escuder\u00eda Alpine como piloto de reserva, podr\u00eda quitarle una de las butacas titulares al australiano. Todo se definir\u00e1 en los pr\u00f3ximos d\u00edas. Aunque&hellip; <\/p>\n","protected":false},"author":8,"featured_media":190006,"comment_status":"closed","ping_status":"open","sticky":false,"template":"","format":"standard","meta":{"footnotes":""},"categories":[4],"tags":[],"class_list":["post-190005","post","type-post","status-publish","format-standard","has-post-thumbnail","hentry","category-deportes"],"_links":{"self":[{"href":"https:\/\/corrientesdetarde.com\/index.php\/wp-json\/wp\/v2\/posts\/190005","targetHints":{"allow":["GET"]}}],"collection":[{"href":"https:\/\/corrientesdetarde.com\/index.php\/wp-json\/wp\/v2\/posts"}],"about":[{"href":"https:\/\/corrientesdetarde.com\/index.php\/wp-json\/wp\/v2\/types\/post"}],"author":[{"embeddable":true,"href":"https:\/\/corrientesdetarde.com\/index.php\/wp-json\/wp\/v2\/users\/8"}],"replies":[{"embeddable":true,"href":"https:\/\/corrientesdetarde.com\/index.php\/wp-json\/wp\/v2\/comments?post=190005"}],"version-history":[{"count":1,"href":"https:\/\/corrientesdetarde.com\/index.php\/wp-json\/wp\/v2\/posts\/190005\/revisions"}],"predecessor-version":[{"id":190007,"href":"https:\/\/corrientesdetarde.com\/index.php\/wp-json\/wp\/v2\/posts\/190005\/revisions\/190007"}],"wp:featuredmedia":[{"embeddable":true,"href":"https:\/\/corrientesdetarde.com\/index.php\/wp-json\/wp\/v2\/media\/190006"}],"wp:attachment":[{"href":"https:\/\/corrientesdetarde.com\/index.php\/wp-json\/wp\/v2\/media?parent=190005"}],"wp:term":[{"taxonomy":"category","embeddable":true,"href":"https:\/\/corrientesdetarde.com\/index.php\/wp-json\/wp\/v2\/categories?post=190005"},{"taxonomy":"post_tag","embeddable":true,"href":"https:\/\/corrientesdetarde.com\/index.php\/wp-json\/wp\/v2\/tags?post=190005"}],"curies":[{"name":"wp","href":"https:\/\/api.w.org\/{rel}","templated":true}]}}