{"id":190008,"date":"2025-02-11T15:19:36","date_gmt":"2025-02-11T18:19:36","guid":{"rendered":"https:\/\/corrientesdetarde.com\/?p=190008"},"modified":"2025-02-11T15:19:49","modified_gmt":"2025-02-11T18:19:49","slug":"fuerte-ultimatum-de-netanyahu-a-hamas-si-no-liberan-a-los-rehenes-el-sabado-se-reanudara-la-guerra","status":"publish","type":"post","link":"https:\/\/corrientesdetarde.com\/index.php\/internacionales\/fuerte-ultimatum-de-netanyahu-a-hamas-si-no-liberan-a-los-rehenes-el-sabado-se-reanudara-la-guerra\/","title":{"rendered":"Fuerte ultim\u00e1tum de Netanyahu a Hamas: \u201cSi no liberan a los rehenes el s\u00e1bado, se reanudar\u00e1 la guerra\u201d"},"content":{"rendered":"\n<p>Dijo que la decisi\u00f3n fue tomada por unanimidad en la reuni\u00f3n de gabinete.<\/p>\n\n\n\n<p>El primer ministro israel\u00ed,&nbsp;<strong>Benjamin Netanyahu<\/strong>, advirti\u00f3 este martes a Hamas que si el s\u00e1bado no libera a un grupo rehenes secuestrados, como prev\u00e9 el acuerdo del cese el fuego,<strong>&nbsp;se reanudar\u00e1 la guerra<\/strong>&nbsp;en la Franja de Gaza.<\/p>\n\n\n\n<p>\u201cSi Hamas no devuelve a nuestros rehenes antes del mediod\u00eda del s\u00e1bado,&nbsp;<strong>el alto el fuego terminar\u00e1<\/strong>&nbsp;y las Fuerzas de Defensa reanudar\u00e1n los intensos combates hasta que Hamas sea derrotado decisivamente\u201d, dijo Netanyahu, citado por&nbsp;<em>The Jerusalen Post<\/em>.<\/p>\n\n\n\n<p>Seg\u00fan afirm\u00f3, la decisi\u00f3n fue tomada por unanimidad por los miembros del gabinete, un d\u00eda despu\u00e9s que el grupo isl\u00e1mico anunci\u00f3 la\u00a0suspensi\u00f3n del proceso de liberaci\u00f3n de rehenes\u00a0por violaciones a la tregua atribuidas a Israel.<\/p>\n\n\n\n<h2 class=\"wp-block-heading\">Qu\u00e9 dijo Benjamin Netanyahu tras la reuni\u00f3n de gabinete<\/h2>\n\n\n\n<p>Israel espera que nueve rehenes que a\u00fan deb\u00edan ser liberados en la primera fase del acuerdo sean entregados a Israel en los pr\u00f3ximos d\u00edas. Netanyahu dijo que hubo \u201cuna profunda discusi\u00f3n de cuatro horas en el Gabinete de Seguridad\u201d para analizar los pasos a seguir en el conflicto.<\/p>\n\n\n\n<figure class=\"wp-block-image\"><img decoding=\"async\" src=\"https:\/\/tn.com.ar\/resizer\/v2\/benjamin-netanyahu-da-un-ultimatum-a-hamas-foto-reutersnathan-howard-4M7IAOW5F2M6ZWGFPVR4AHHEDI.jpg?auth=e212e8a7b682d0ddb01513ce8d92b57c9bd292765ee331c3f6fc58fdc1ef9385&amp;width=767\" alt=\"Benjamin Netanyahu da un ultim\u00e1tum a Hamas (Foto: Reuters\/Nathan Howard)\"\/><\/figure>\n\n\n\n<p>\u201cAcogimos con agrado la exigencia del presidente (estadounidense Donald) Trump de liberar a nuestros rehenes antes del mediod\u00eda del s\u00e1bado, y tambi\u00e9n acogimos con agrado la visi\u00f3n revolucionaria del presidente para el futuro de Gaza\u201d, se\u00f1al\u00f3 Netanyahu.<\/p>\n\n\n\n<p>De esa manera, se refiri\u00f3 al plan del presidente republicano de relocalizar a los 2,4 millones de gazat\u00edes y tomar el control sobre el enclave palestino para convertirlo en la \u201cnueva Riviera de Medio Oriente, lo que desat\u00f3 fuertes cuestionamientos en Medio Oriente.<\/p>\n\n\n\n<p>Adem\u00e1s, Netanyahu ratific\u00f3 el despliegue de tropas en la frontera con Gaza. \u201cA la luz del anuncio de Hamas sobre su decisi\u00f3n de violar el acuerdo y no liberar a nuestros rehenes, anoche orden\u00e9 a las Fuerzas de Defensa que concentraran fuerzas dentro y alrededor de la Franja de Gaza\u201d, afirm\u00f3.<\/p>\n\n\n\n<p>Seg\u00fan dijo, \u201cesta operaci\u00f3n est\u00e1 en marcha mientras hablamos y se completar\u00e1 lo antes posible\u201d<\/p>\n\n\n\n<h2 class=\"wp-block-heading\">Qu\u00e9 dijo Hamas sobre la continuidad de la tregua<\/h2>\n\n\n\n<p>Hamas, en el poder en Gaza desde 2007, anunci\u00f3 el lunes que aplazaba de manera indefinida la pr\u00f3xima liberaci\u00f3n de rehenes tras acusar a Israel de vulnerar el alto el fuego, mediado por Qatar con la ayuda de Estados Unidos y Egipto.<\/p>\n\n\n\n<p>No obstante, el movimiento islamista asegur\u00f3 que la puerta segu\u00eda \u201cabierta\u201d para liberarlos si Israel cumpl\u00eda efectivamente con sus obligaciones. Se estima que 73 rehenes siguen en Gaza, incluidas 35 que habr\u00edan muerto, seg\u00fan el ej\u00e9rcito israel\u00ed.<\/p>\n\n\n\n<p>La tregua permiti\u00f3 hasta ahora la liberaci\u00f3n de 21 rehenes, a cambio de m\u00e1s de 700 prisioneros palestinos encarcelados en Israel. En total, 33 rehenes israel\u00edes tienen que ser liberados en la primera fase de esta tregua, que concluye el 1 de marzo.<\/p>\n","protected":false},"excerpt":{"rendered":"<p>Dijo que la decisi\u00f3n fue tomada por unanimidad en la reuni\u00f3n de gabinete. El primer ministro israel\u00ed,&nbsp;Benjamin Netanyahu, advirti\u00f3 este martes a Hamas que si el s\u00e1bado no libera a&hellip; <\/p>\n","protected":false},"author":8,"featured_media":190009,"comment_status":"closed","ping_status":"open","sticky":false,"template":"","format":"standard","meta":{"footnotes":""},"categories":[11],"tags":[],"class_list":["post-190008","post","type-post","status-publish","format-standard","has-post-thumbnail","hentry","category-internacionales"],"_links":{"self":[{"href":"https:\/\/corrientesdetarde.com\/index.php\/wp-json\/wp\/v2\/posts\/190008","targetHints":{"allow":["GET"]}}],"collection":[{"href":"https:\/\/corrientesdetarde.com\/index.php\/wp-json\/wp\/v2\/posts"}],"about":[{"href":"https:\/\/corrientesdetarde.com\/index.php\/wp-json\/wp\/v2\/types\/post"}],"author":[{"embeddable":true,"href":"https:\/\/corrientesdetarde.com\/index.php\/wp-json\/wp\/v2\/users\/8"}],"replies":[{"embeddable":true,"href":"https:\/\/corrientesdetarde.com\/index.php\/wp-json\/wp\/v2\/comments?post=190008"}],"version-history":[{"count":1,"href":"https:\/\/corrientesdetarde.com\/index.php\/wp-json\/wp\/v2\/posts\/190008\/revisions"}],"predecessor-version":[{"id":190010,"href":"https:\/\/corrientesdetarde.com\/index.php\/wp-json\/wp\/v2\/posts\/190008\/revisions\/190010"}],"wp:featuredmedia":[{"embeddable":true,"href":"https:\/\/corrientesdetarde.com\/index.php\/wp-json\/wp\/v2\/media\/190009"}],"wp:attachment":[{"href":"https:\/\/corrientesdetarde.com\/index.php\/wp-json\/wp\/v2\/media?parent=190008"}],"wp:term":[{"taxonomy":"category","embeddable":true,"href":"https:\/\/corrientesdetarde.com\/index.php\/wp-json\/wp\/v2\/categories?post=190008"},{"taxonomy":"post_tag","embeddable":true,"href":"https:\/\/corrientesdetarde.com\/index.php\/wp-json\/wp\/v2\/tags?post=190008"}],"curies":[{"name":"wp","href":"https:\/\/api.w.org\/{rel}","templated":true}]}}