{"id":190011,"date":"2025-02-11T15:21:53","date_gmt":"2025-02-11T18:21:53","guid":{"rendered":"https:\/\/corrientesdetarde.com\/?p=190011"},"modified":"2025-02-11T15:22:06","modified_gmt":"2025-02-11T18:22:06","slug":"caputo-se-reunio-con-industriales-en-medio-del-reclamo-por-la-reduccion-de-impuestos-y-la-baja-competitividad","status":"publish","type":"post","link":"https:\/\/corrientesdetarde.com\/index.php\/economia\/caputo-se-reunio-con-industriales-en-medio-del-reclamo-por-la-reduccion-de-impuestos-y-la-baja-competitividad\/","title":{"rendered":"Caputo se reuni\u00f3 con industriales en medio del reclamo por la reducci\u00f3n de impuestos y la baja competitividad"},"content":{"rendered":"\n<p>El comit\u00e9 de presidencia de la UIA recibi\u00f3 este mediod\u00eda al ministro de Econom\u00eda en la sede de Avenida de Mayo. Hab\u00eda expectativa por el pedido de los empresarios para reducir la carga tributaria y por su preocupaci\u00f3n sobre la reactivaci\u00f3n econ\u00f3mica.<\/p>\n\n\n\n<p>El ministro de Econom\u00eda,\u00a0<strong>Luis Caputo<\/strong>, se reuni\u00f3 este martes con el comit\u00e9 de presidencia de la\u00a0<strong>Uni\u00f3n Industrial Argentina\u00a0<\/strong>(<strong>UIA<\/strong>), que en la previa manifestaron su preocupaci\u00f3n \u201cpor el\u00a0<strong>estancamiento<\/strong>\u00a0en la actividad industrial de muchos sectores\u201d.<\/p>\n\n\n\n<p>El encuentro con los industriales empez\u00f3 puntual, a las 13, y se extendi\u00f3 por dos horas. La reuni\u00f3n gener\u00f3 mucha expectativa porque era un compromiso que hab\u00eda asumido Caputo despu\u00e9s de ausentarse durante la convenci\u00f3n anual de la entidad en noviembre. Los industriales insistieron en la necesidad de&nbsp;<strong>reducir la carga tributaria&nbsp;<\/strong>y \u201cen una agenda de competitividad para el sector\u201d.<\/p>\n\n\n\n<p>En un comunicado previo de la entidad que preside&nbsp;<strong>Daniel Funes de Rioja<\/strong>, la UIA indic\u00f3: \u201cSe reiter\u00f3 el pedido para que las provincias y los municipios acompa\u00f1en la agenda de competitividad industrial&nbsp;<strong>equilibrando racionalmente la carga tributaria&nbsp;<\/strong>de los sectores formales de la econom\u00eda\u201d.<\/p>\n\n\n\n<p>Asimismo, reforz\u00f3: \u201cLos representantes volvieron a pedir la&nbsp;<strong>baja de ingresos brutos provinciales y de las tasas municipales&nbsp;<\/strong>que se han convertido en impuestos ya que no cuentan con prestaciones equivalentes a sus costos. En el caso de IIBB, mientras la al\u00edcuota del sector industrial est\u00e1 determinada por ley en 1,5%, su aplicaci\u00f3n \u2018en cascada\u2019 puede llevarla a valores que oscilan entre el 3% y el 9%, porcentajes que inevitablemente se trasladan a los precios de los bienes\u201d.<\/p>\n\n\n\n<p>De todos modos, tras el reclamo del sector, el presidente<strong>&nbsp;Javier Milei&nbsp;<\/strong>sali\u00f3 al cruce: \u201cSi pretenden tener los retornos que ten\u00edan antes, esta econom\u00eda cambi\u00f3.&nbsp;<strong>Si no se adaptan al mundo nuevo, van a quebrar.<\/strong>&nbsp;Se van a tener que acostumbrar a vivir con un tipo de cambio real m\u00e1s bajo. La moneda se va a apreciar\u201d.<\/p>\n\n\n\n<figure class=\"wp-block-image\"><img decoding=\"async\" src=\"https:\/\/tn.com.ar\/resizer\/v2\/luis-caputo-se-reune-con-la-uia-foto-ministerio-de-economia-W3YAXDRQ7BHMHJYXGN73V3SRZU.jpg?auth=50d351ccac41b7785f75594bd0ec09389c343c3a26f2c0dac9d81154367d3704&amp;width=767\" alt=\"Luis Caputo se re\u00fane con la UIA (Foto: Ministerio de Econom\u00eda)\"\/><\/figure>\n\n\n\n<p>\u201cEst\u00e1n pidiendo que yo destruya los salarios para que un par de s\u00e1trapas mantengan altos retornos de capital. Cuando usted mira los retornos que est\u00e1n teniendo son enormes\u201d, apunt\u00f3 durante una entrevista televisiva.<\/p>\n\n\n\n<p>En ese sentido, continu\u00f3: \u201cSe tiene que&nbsp;<strong>trabajar puertas adentro en su empresa para bajar los costos.&nbsp;<\/strong>Tienen que ser m\u00e1s eficientes. Nosotros hacemos la tarea, bajamos 13 impuestos. Le devolvimos plata a la gente. Entonces con esos impuestos que bajamos, se permite que suban los salarios\u201d.<\/p>\n\n\n\n<p>Y cerr\u00f3: \u201cNi esperen devaluaci\u00f3n, es m\u00e1s, el peso va seguir revaloriz\u00e1ndose. Es decir,<strong>&nbsp;si vos sos industrial y tus precios est\u00e1n caros en la Argentina, empez\u00e1 a manejar tus retornos\u201d.<\/strong><\/p>\n\n\n\n<h2 class=\"wp-block-heading\">Las reuniones de Caputo<\/h2>\n\n\n\n<p>Este encuentro se dio en el marco de varias reuniones que paut\u00f3 el ministro para\u00a0reactivar el contacto con empresarios en medio del reclamo por la baja de la carga impositiva\u00a0y luego de la reducci\u00f3n temporal de las retenciones al campo.<\/p>\n\n\n\n<p>La semana pasada, funcionarios del equipo econ\u00f3mico se reunieron con distintos referentes del sector privado. Por ejemplo, el titular de la Administraci\u00f3n Federal de Ingresos P\u00fablicos (ARCA),&nbsp;<strong>Juan Pazo<\/strong>, mantuvo un encuentro con representantes del&nbsp;<strong>Consejo Agroindustrial Argentino<\/strong>&nbsp;(CAA).<\/p>\n\n\n\n<p>Por su parte, el ministro Caputo recibi\u00f3 a los dirigentes de la<strong>&nbsp;Mesa de Enlace:&nbsp;<\/strong>al presidente de la Sociedad Rural Argentina (SRA), Nicol\u00e1s Pino; al titular de Confederaciones Rurales Argentinas (CRA), Carlos Castagnani; a la presidenta de Federaci\u00f3n Agraria Argentina (FAA), Andrea Sarnari; y al presidente de Coninagro, Lucas Magnano.<\/p>\n\n\n\n<p><\/p>\n","protected":false},"excerpt":{"rendered":"<p>El comit\u00e9 de presidencia de la UIA recibi\u00f3 este mediod\u00eda al ministro de Econom\u00eda en la sede de Avenida de Mayo. Hab\u00eda expectativa por el pedido de los empresarios para&hellip; <\/p>\n","protected":false},"author":8,"featured_media":190012,"comment_status":"closed","ping_status":"open","sticky":false,"template":"","format":"standard","meta":{"footnotes":""},"categories":[20],"tags":[],"class_list":["post-190011","post","type-post","status-publish","format-standard","has-post-thumbnail","hentry","category-economia"],"_links":{"self":[{"href":"https:\/\/corrientesdetarde.com\/index.php\/wp-json\/wp\/v2\/posts\/190011","targetHints":{"allow":["GET"]}}],"collection":[{"href":"https:\/\/corrientesdetarde.com\/index.php\/wp-json\/wp\/v2\/posts"}],"about":[{"href":"https:\/\/corrientesdetarde.com\/index.php\/wp-json\/wp\/v2\/types\/post"}],"author":[{"embeddable":true,"href":"https:\/\/corrientesdetarde.com\/index.php\/wp-json\/wp\/v2\/users\/8"}],"replies":[{"embeddable":true,"href":"https:\/\/corrientesdetarde.com\/index.php\/wp-json\/wp\/v2\/comments?post=190011"}],"version-history":[{"count":1,"href":"https:\/\/corrientesdetarde.com\/index.php\/wp-json\/wp\/v2\/posts\/190011\/revisions"}],"predecessor-version":[{"id":190013,"href":"https:\/\/corrientesdetarde.com\/index.php\/wp-json\/wp\/v2\/posts\/190011\/revisions\/190013"}],"wp:featuredmedia":[{"embeddable":true,"href":"https:\/\/corrientesdetarde.com\/index.php\/wp-json\/wp\/v2\/media\/190012"}],"wp:attachment":[{"href":"https:\/\/corrientesdetarde.com\/index.php\/wp-json\/wp\/v2\/media?parent=190011"}],"wp:term":[{"taxonomy":"category","embeddable":true,"href":"https:\/\/corrientesdetarde.com\/index.php\/wp-json\/wp\/v2\/categories?post=190011"},{"taxonomy":"post_tag","embeddable":true,"href":"https:\/\/corrientesdetarde.com\/index.php\/wp-json\/wp\/v2\/tags?post=190011"}],"curies":[{"name":"wp","href":"https:\/\/api.w.org\/{rel}","templated":true}]}}