{"id":19011,"date":"2022-11-11T21:44:36","date_gmt":"2022-11-12T00:44:36","guid":{"rendered":"https:\/\/corrientesdetarde.com\/?p=19011"},"modified":"2022-11-11T21:44:39","modified_gmt":"2022-11-12T00:44:39","slug":"precios-justos-la-lista-de-articulos-de-corrientes-incluye-1823-productos","status":"publish","type":"post","link":"https:\/\/corrientesdetarde.com\/index.php\/economia\/precios-justos-la-lista-de-articulos-de-corrientes-incluye-1823-productos\/","title":{"rendered":"Precios Justos: La lista de art\u00edculos de Corrientes incluye 1823 productos"},"content":{"rendered":"\n<p>Precios Justos es una medida que fija los precios de 1700 productos de primera necesidad por 120 d\u00edas, mediante acuerdos voluntarios con empresas productoras y comercializadoras.<\/p>\n\n\n\n<p>&nbsp;102 empresas han manifestado su adhesi\u00f3n hasta el momento y se anticip\u00f3 que ser\u00e1n 114 al cierre de hoy y 125 para la semana que viene.<\/p>\n\n\n\n<p>Precios Justos es una medida que fija los precios de 1700 productos de primera necesidad por 120 d\u00edas, mediante acuerdos voluntarios con empresas productoras y comercializadoras.<\/p>\n\n\n\n<p>102 empresas han manifestado su adhesi\u00f3n hasta el momento y se anticip\u00f3 que ser\u00e1n 114 al cierre de hoy y 125 para la semana que viene.<\/p>\n\n\n\n<p>Hay 1.788 productos que forman parte de la canasta de Precios Justos que van a tener el mismo precio hasta febrero-<\/p>\n\n\n\n<p>Por su parte, las empresas que ingresen al programa s\u00f3lo podr\u00e1n aumentar hasta un 4% mensual al resto de sus productos, abarcando as\u00ed a otros 30.000.<\/p>\n\n\n\n<p>Los detalles y objetivos de Precios Justos<br>El Ministerio de Econom\u00eda estableci\u00f3 las condiciones y la modalidad que adoptar\u00e1 el programa Precios Justos, acuerdo que regir\u00e1 por cuatro meses -desde el actual hasta febrero pr\u00f3ximo-, a trav\u00e9s de la Resoluci\u00f3n 823\/2022 publicada este viernes en el Bolet\u00edn Oficial.<\/p>\n\n\n\n<p>La nueva iniciativa \u2013precisa la resoluci\u00f3n- tendr\u00e1 el objetivo de &#8220;garantizar la venta al consumidor final de ciertos productos a un precio fijo o una variaci\u00f3n constante y previamente acordada por un plazo determinado que le otorgue previsibilidad&#8221;, y se prolongar\u00e1 entre este mes y el 28 de febrero pr\u00f3ximo.<\/p>\n\n\n\n<p>En concreto, el acuerdo establece que los productos que se mantendr\u00e1n con precios fijos y que ingresan al programa sostendr\u00e1n un valor constante por los 120 d\u00edas de vigencia del mismo, sin modificaciones.<\/p>\n\n\n\n<p>En tanto, las empresas que se sumen al programa deber\u00e1n comercializar al resto de sus productos \u2013que no tendr\u00e1n precios fijos- con un tope de aumento de 4% en noviembre respecto a los valores promedio de octubre, y con topes de la misma magnitud para el resto de los meses de vigencia tomando siempre como referencia el valor del mes anterior.<\/p>\n","protected":false},"excerpt":{"rendered":"<p>Precios Justos es una medida que fija los precios de 1700 productos de primera necesidad por 120 d\u00edas, mediante acuerdos voluntarios con empresas productoras y comercializadoras. &nbsp;102 empresas han manifestado&hellip; <\/p>\n","protected":false},"author":1,"featured_media":19019,"comment_status":"closed","ping_status":"open","sticky":false,"template":"","format":"standard","meta":{"footnotes":""},"categories":[20],"tags":[],"class_list":["post-19011","post","type-post","status-publish","format-standard","has-post-thumbnail","hentry","category-economia"],"_links":{"self":[{"href":"https:\/\/corrientesdetarde.com\/index.php\/wp-json\/wp\/v2\/posts\/19011","targetHints":{"allow":["GET"]}}],"collection":[{"href":"https:\/\/corrientesdetarde.com\/index.php\/wp-json\/wp\/v2\/posts"}],"about":[{"href":"https:\/\/corrientesdetarde.com\/index.php\/wp-json\/wp\/v2\/types\/post"}],"author":[{"embeddable":true,"href":"https:\/\/corrientesdetarde.com\/index.php\/wp-json\/wp\/v2\/users\/1"}],"replies":[{"embeddable":true,"href":"https:\/\/corrientesdetarde.com\/index.php\/wp-json\/wp\/v2\/comments?post=19011"}],"version-history":[{"count":1,"href":"https:\/\/corrientesdetarde.com\/index.php\/wp-json\/wp\/v2\/posts\/19011\/revisions"}],"predecessor-version":[{"id":19020,"href":"https:\/\/corrientesdetarde.com\/index.php\/wp-json\/wp\/v2\/posts\/19011\/revisions\/19020"}],"wp:featuredmedia":[{"embeddable":true,"href":"https:\/\/corrientesdetarde.com\/index.php\/wp-json\/wp\/v2\/media\/19019"}],"wp:attachment":[{"href":"https:\/\/corrientesdetarde.com\/index.php\/wp-json\/wp\/v2\/media?parent=19011"}],"wp:term":[{"taxonomy":"category","embeddable":true,"href":"https:\/\/corrientesdetarde.com\/index.php\/wp-json\/wp\/v2\/categories?post=19011"},{"taxonomy":"post_tag","embeddable":true,"href":"https:\/\/corrientesdetarde.com\/index.php\/wp-json\/wp\/v2\/tags?post=19011"}],"curies":[{"name":"wp","href":"https:\/\/api.w.org\/{rel}","templated":true}]}}