{"id":190368,"date":"2025-02-13T08:45:27","date_gmt":"2025-02-13T11:45:27","guid":{"rendered":"https:\/\/corrientesdetarde.com\/?p=190368"},"modified":"2025-02-13T08:45:39","modified_gmt":"2025-02-13T11:45:39","slug":"sorprendieron-a-un-joven-con-16-envoltorios-de-cocaina","status":"publish","type":"post","link":"https:\/\/corrientesdetarde.com\/index.php\/policiales\/sorprendieron-a-un-joven-con-16-envoltorios-de-cocaina\/","title":{"rendered":"Sorprendieron a un joven con 16 envoltorios de coca\u00edna"},"content":{"rendered":"\n<p>Pasadas las 10.30 de este mi\u00e9rcoles, demoraron a un joven sobre la avenida Cazadores Correntinos entre Reconquista y Saavedra y en entre sus prendas pose\u00eda un paquete de cigarros que en su interior contiene 16 envoltorios de polietileno con coca\u00edna.<\/p>\n\n\n\n<p><\/p>\n\n\n<div class=\"wp-block-image\">\n<figure class=\"aligncenter\"><img decoding=\"async\" src=\"https:\/\/pxcdn.ellitoral.com.ar\/litoral\/022025\/1739395792228.jpeg?cw=446\" alt=\"Sorprendieron a un joven con 16 envoltorios de coca\u00edna\" title=\"Sorprendieron a un joven con 16 envoltorios de coca\u00edna-\"\/><\/figure>\n<\/div>\n\n\n<p>Los polic\u00edas de la Direcci\u00f3n Deneral de Drogas Peligrosas y Crimen Organizado, en la ocasi\u00f3n prest\u00f3 colaboraci\u00f3n con un operativo que realizaba la Divisi\u00f3n Anti Arrebatos quienes hab\u00edan demorado al individuo con la sustancia sospechosa. Seg\u00fan se inform\u00f3, llam\u00f3 la atenci\u00f3n de la Polic\u00eda que este individuo de 20 a\u00f1os observaba el interior de veh\u00edculos estacionados en la zona.<\/p>\n\n\n\n<p>En componente en polvo blanco fue sometido al narcotest que arroj\u00f3 como resultado positivo para clorhidrato de coca\u00edna con un peso de 7 gramos, y un celular de marca TCL.<\/p>\n\n\n\n<p><br>Una vez comunicado, el Juzgado Federal N\u00aa1 de Corrientes dispuso el inicio de actuaciones por supuesta infracci\u00f3n a Ley 23.737, el secuestro de los elementos y la detenci\u00f3n del joven implicado.<\/p>\n","protected":false},"excerpt":{"rendered":"<p>Pasadas las 10.30 de este mi\u00e9rcoles, demoraron a un joven sobre la avenida Cazadores Correntinos entre Reconquista y Saavedra y en entre sus prendas pose\u00eda un paquete de cigarros que&hellip; <\/p>\n","protected":false},"author":1,"featured_media":190380,"comment_status":"closed","ping_status":"open","sticky":false,"template":"","format":"standard","meta":{"footnotes":""},"categories":[33],"tags":[],"class_list":["post-190368","post","type-post","status-publish","format-standard","has-post-thumbnail","hentry","category-policiales"],"_links":{"self":[{"href":"https:\/\/corrientesdetarde.com\/index.php\/wp-json\/wp\/v2\/posts\/190368","targetHints":{"allow":["GET"]}}],"collection":[{"href":"https:\/\/corrientesdetarde.com\/index.php\/wp-json\/wp\/v2\/posts"}],"about":[{"href":"https:\/\/corrientesdetarde.com\/index.php\/wp-json\/wp\/v2\/types\/post"}],"author":[{"embeddable":true,"href":"https:\/\/corrientesdetarde.com\/index.php\/wp-json\/wp\/v2\/users\/1"}],"replies":[{"embeddable":true,"href":"https:\/\/corrientesdetarde.com\/index.php\/wp-json\/wp\/v2\/comments?post=190368"}],"version-history":[{"count":1,"href":"https:\/\/corrientesdetarde.com\/index.php\/wp-json\/wp\/v2\/posts\/190368\/revisions"}],"predecessor-version":[{"id":190381,"href":"https:\/\/corrientesdetarde.com\/index.php\/wp-json\/wp\/v2\/posts\/190368\/revisions\/190381"}],"wp:featuredmedia":[{"embeddable":true,"href":"https:\/\/corrientesdetarde.com\/index.php\/wp-json\/wp\/v2\/media\/190380"}],"wp:attachment":[{"href":"https:\/\/corrientesdetarde.com\/index.php\/wp-json\/wp\/v2\/media?parent=190368"}],"wp:term":[{"taxonomy":"category","embeddable":true,"href":"https:\/\/corrientesdetarde.com\/index.php\/wp-json\/wp\/v2\/categories?post=190368"},{"taxonomy":"post_tag","embeddable":true,"href":"https:\/\/corrientesdetarde.com\/index.php\/wp-json\/wp\/v2\/tags?post=190368"}],"curies":[{"name":"wp","href":"https:\/\/api.w.org\/{rel}","templated":true}]}}