{"id":190378,"date":"2025-02-13T09:09:55","date_gmt":"2025-02-13T12:09:55","guid":{"rendered":"https:\/\/corrientesdetarde.com\/?p=190378"},"modified":"2025-02-13T09:10:07","modified_gmt":"2025-02-13T12:10:07","slug":"google-elimino-el-mes-del-orgullo-y-el-mes-de-la-historia-negra-de-su-aplicacion-calendario","status":"publish","type":"post","link":"https:\/\/corrientesdetarde.com\/index.php\/tecnologia\/google-elimino-el-mes-del-orgullo-y-el-mes-de-la-historia-negra-de-su-aplicacion-calendario\/","title":{"rendered":"Google elimin\u00f3 el Mes del Orgullo y el Mes de la Historia Negra de su aplicaci\u00f3n calendario"},"content":{"rendered":"\n<p>Google elimin\u00f3 de su aplicaci\u00f3n &#8220;Calendario&#8221; eventos culturales como el Mes del Orgullo y el Mes de la Historia Negra, y decidi\u00f3 volver a mostrar \u00fanicamente los d\u00edas festivos oficiales de cada pa\u00eds, permitiendo a los usuarios agregar manualmente otros eventos.\u00a0<\/p>\n\n\n\n<p><\/p>\n\n\n\n<p>La decisi\u00f3n, que coincide con el regreso de Donald Trump a la presidencia de Estados Unidos, gener\u00f3 repudio en redes sociales, aunque Google asegura que los motivos no tienen relaci\u00f3n con el nuevo presidente.<\/p>\n\n\n\n<p>Madison Cushman Veld, responsable de comunicaci\u00f3n de la empresa de Mountain View, explic\u00f3 que el equipo de Google Calendar comenz\u00f3 hace algunos a\u00f1os a agregar manualmente una variedad m\u00e1s amplia de celebraciones culturales en todo el mundo. &#8220;Recibimos comentarios sobre la ausencia de ciertos eventos y pa\u00edses, y mantener cientos de festividades de manera manual y coherente a nivel global no era escalable ni sostenible. Por ello, a mediados de 2024, decidimos volver a mostrar \u00fanicamente los d\u00edas festivos y celebraciones nacionales de timeanddate.com&#8221;.<\/p>\n\n\n\n<p>Si bien Google no brind\u00f3 una lista de los eventos que fueron eliminados de su calendario, usuarios y expertos se\u00f1alaron que, adem\u00e1s del Mes del Orgullo y el Mes de la Historia Negra, tambi\u00e9n desaparecieron otras fechas significativas como el Mes de los Pueblos Ind\u00edgenas, el Mes de la Herencia Hispana y el D\u00eda del Recuerdo del Holocausto.<\/p>\n\n\n\n<p><strong>Otros cambios en Google&nbsp;<\/strong><\/p>\n\n\n\n<p><br>Adem\u00e1s de las modificaciones en su calendario, Google implement\u00f3 otros cambios en sus plataformas. Recientemente, la empresa cambi\u00f3 los nombres en Google Maps para el Golfo de M\u00e9xico y el monte Denali, siguiendo actualizaciones en fuentes gubernamentales oficiales.<\/p>\n\n\n\n<p>&nbsp;<br>Google Maps cambi\u00f3 el nombre del golfo de M\u00e9xico para usuarios en Estados Unidos<br>&nbsp;<br>Adem\u00e1s, la empresa anunci\u00f3 modificaciones en sus objetivos de contrataci\u00f3n en diversidad, equidad e inclusi\u00f3n (DEI).&nbsp;<\/p>\n","protected":false},"excerpt":{"rendered":"<p>Google elimin\u00f3 de su aplicaci\u00f3n &#8220;Calendario&#8221; eventos culturales como el Mes del Orgullo y el Mes de la Historia Negra, y decidi\u00f3 volver a mostrar \u00fanicamente los d\u00edas festivos oficiales&hellip; <\/p>\n","protected":false},"author":1,"featured_media":190386,"comment_status":"closed","ping_status":"open","sticky":false,"template":"","format":"standard","meta":{"footnotes":""},"categories":[24],"tags":[],"class_list":["post-190378","post","type-post","status-publish","format-standard","has-post-thumbnail","hentry","category-tecnologia"],"_links":{"self":[{"href":"https:\/\/corrientesdetarde.com\/index.php\/wp-json\/wp\/v2\/posts\/190378","targetHints":{"allow":["GET"]}}],"collection":[{"href":"https:\/\/corrientesdetarde.com\/index.php\/wp-json\/wp\/v2\/posts"}],"about":[{"href":"https:\/\/corrientesdetarde.com\/index.php\/wp-json\/wp\/v2\/types\/post"}],"author":[{"embeddable":true,"href":"https:\/\/corrientesdetarde.com\/index.php\/wp-json\/wp\/v2\/users\/1"}],"replies":[{"embeddable":true,"href":"https:\/\/corrientesdetarde.com\/index.php\/wp-json\/wp\/v2\/comments?post=190378"}],"version-history":[{"count":1,"href":"https:\/\/corrientesdetarde.com\/index.php\/wp-json\/wp\/v2\/posts\/190378\/revisions"}],"predecessor-version":[{"id":190387,"href":"https:\/\/corrientesdetarde.com\/index.php\/wp-json\/wp\/v2\/posts\/190378\/revisions\/190387"}],"wp:featuredmedia":[{"embeddable":true,"href":"https:\/\/corrientesdetarde.com\/index.php\/wp-json\/wp\/v2\/media\/190386"}],"wp:attachment":[{"href":"https:\/\/corrientesdetarde.com\/index.php\/wp-json\/wp\/v2\/media?parent=190378"}],"wp:term":[{"taxonomy":"category","embeddable":true,"href":"https:\/\/corrientesdetarde.com\/index.php\/wp-json\/wp\/v2\/categories?post=190378"},{"taxonomy":"post_tag","embeddable":true,"href":"https:\/\/corrientesdetarde.com\/index.php\/wp-json\/wp\/v2\/tags?post=190378"}],"curies":[{"name":"wp","href":"https:\/\/api.w.org\/{rel}","templated":true}]}}