{"id":190379,"date":"2025-02-13T08:46:42","date_gmt":"2025-02-13T11:46:42","guid":{"rendered":"https:\/\/corrientesdetarde.com\/?p=190379"},"modified":"2025-02-13T09:40:03","modified_gmt":"2025-02-13T12:40:03","slug":"inicia-el-pago-del-plus-de-refuerzo-y-del-tercer-tramo-del-bono-navideno","status":"publish","type":"post","link":"https:\/\/corrientesdetarde.com\/index.php\/locales\/inicia-el-pago-del-plus-de-refuerzo-y-del-tercer-tramo-del-bono-navideno\/","title":{"rendered":"Inicia el pago del plus de refuerzo y del tercer tramo del bono navide\u00f1o"},"content":{"rendered":"\n<p>El Plus de Refuerzo y el tercer tramo del Bono Navide\u00f1o para trabajadores provinciales activos y jubilados se pagar\u00e1n por terminaci\u00f3n de DNI:<\/p>\n\n\n\n<p>\u2022 Viernes 14: 0 y 1<\/p>\n\n\n\n<p>\u2022 Lunes 17: 2 y 3*<\/p>\n\n\n\n<p>\u2022 Martes 18: 4 y 5<\/p>\n\n\n\n<p>\u2022 Mi\u00e9rcoles 19: 6 y 7<\/p>\n\n\n\n<p>\u2022 Jueves 20: 8 y 9<\/p>\n\n\n\n<p>* En cajeros, s\u00e1bado 15.<\/p>\n","protected":false},"excerpt":{"rendered":"<p>El Plus de Refuerzo y el tercer tramo del Bono Navide\u00f1o para trabajadores provinciales activos y jubilados se pagar\u00e1n por terminaci\u00f3n de DNI: \u2022 Viernes 14: 0 y 1 \u2022&hellip; <\/p>\n","protected":false},"author":1,"featured_media":180339,"comment_status":"closed","ping_status":"open","sticky":false,"template":"","format":"standard","meta":{"footnotes":""},"categories":[20,8],"tags":[],"class_list":["post-190379","post","type-post","status-publish","format-standard","has-post-thumbnail","hentry","category-economia","category-locales"],"_links":{"self":[{"href":"https:\/\/corrientesdetarde.com\/index.php\/wp-json\/wp\/v2\/posts\/190379","targetHints":{"allow":["GET"]}}],"collection":[{"href":"https:\/\/corrientesdetarde.com\/index.php\/wp-json\/wp\/v2\/posts"}],"about":[{"href":"https:\/\/corrientesdetarde.com\/index.php\/wp-json\/wp\/v2\/types\/post"}],"author":[{"embeddable":true,"href":"https:\/\/corrientesdetarde.com\/index.php\/wp-json\/wp\/v2\/users\/1"}],"replies":[{"embeddable":true,"href":"https:\/\/corrientesdetarde.com\/index.php\/wp-json\/wp\/v2\/comments?post=190379"}],"version-history":[{"count":1,"href":"https:\/\/corrientesdetarde.com\/index.php\/wp-json\/wp\/v2\/posts\/190379\/revisions"}],"predecessor-version":[{"id":190382,"href":"https:\/\/corrientesdetarde.com\/index.php\/wp-json\/wp\/v2\/posts\/190379\/revisions\/190382"}],"wp:featuredmedia":[{"embeddable":true,"href":"https:\/\/corrientesdetarde.com\/index.php\/wp-json\/wp\/v2\/media\/180339"}],"wp:attachment":[{"href":"https:\/\/corrientesdetarde.com\/index.php\/wp-json\/wp\/v2\/media?parent=190379"}],"wp:term":[{"taxonomy":"category","embeddable":true,"href":"https:\/\/corrientesdetarde.com\/index.php\/wp-json\/wp\/v2\/categories?post=190379"},{"taxonomy":"post_tag","embeddable":true,"href":"https:\/\/corrientesdetarde.com\/index.php\/wp-json\/wp\/v2\/tags?post=190379"}],"curies":[{"name":"wp","href":"https:\/\/api.w.org\/{rel}","templated":true}]}}