{"id":190384,"date":"2025-02-13T09:14:46","date_gmt":"2025-02-13T12:14:46","guid":{"rendered":"https:\/\/corrientesdetarde.com\/?p=190384"},"modified":"2025-02-13T09:14:58","modified_gmt":"2025-02-13T12:14:58","slug":"google-maps-actualizo-el-nombre-del-golfo-de-mexico-por-el-de-golfo-de-america-asi-lo-vera-cada-region","status":"publish","type":"post","link":"https:\/\/corrientesdetarde.com\/index.php\/internacionales\/google-maps-actualizo-el-nombre-del-golfo-de-mexico-por-el-de-golfo-de-america-asi-lo-vera-cada-region\/","title":{"rendered":"Google Maps actualiz\u00f3 el nombre del Golfo de M\u00e9xico por el de Golfo de Am\u00e9rica, as\u00ed lo ver\u00e1 cada regi\u00f3n"},"content":{"rendered":"\n<h2 class=\"wp-block-heading\"><\/h2>\n\n\n\n<p>A partir de este<strong>\u00a0lunes 10 de febrero la plataforma Google Maps\u00a0<\/strong>implement\u00f3 el cambio de nombre del\u00a0<strong>Golfo de M\u00e9xico por el de Golfo de Am\u00e9rica<\/strong>, aunque esta sustituci\u00f3n es s\u00f3lo visible para los usuarios dentro de los Estados Unidos, atendiendo a la<strong>\u00a0orden ejecutiva del presidente Donald Trump<\/strong>.<a href=\"https:\/\/www.infobae.com\/mexico\/2025\/02\/13\/apple-y-microsoft-tambien-cambian-el-nombre-al-golfo-de-america-en-sus-mapas-solo-mexico-mantiene-el-original\/\" target=\"_blank\" rel=\"noreferrer noopener\"><\/a><\/p>\n\n\n\n<p>Un d\u00eda antes, el presidente&nbsp;<strong>Trump proclam\u00f3 al 9 de febrero como el D\u00eda del Golfo de Am\u00e9rica<\/strong>, denominaci\u00f3n que aplica para las aguas territoriales y plataforma continental.<\/p>\n\n\n\n<p>\u201c<strong>En los Estados Unidos, el Sistema de Informaci\u00f3n de Nombres Geogr\u00e1ficos (GNIS, por sus siglas en ingl\u00e9s) ha actualizado oficialmente \u201cGolfo de M\u00e9xico\u201d a \u201cGolfo de Am\u00e9rica\u201d<\/strong>. Tal como anunciamos hace dos semanas y de acuerdo con nuestra pr\u00e1cticas habituales, hemos empezado a introducir cambios que reflejan esta actualizaci\u00f3n. Las personas que usan Maps en los EE. UU. ver\u00e1n \u201cGolfo de Am\u00e9rica\u201d, y las personas en M\u00e9xico ver\u00e1n \u201cGolfo de M\u00e9xico\u201d. Todas las dem\u00e1s personas ver\u00e1n ambos nombres\u201d, precis\u00f3 la\u00a0compa\u00f1\u00eda en un comunicado.<\/p>\n\n\n\n<p><a href=\"https:\/\/www.infobae.com\/mexico\/2025\/02\/13\/condenan-en-eeuu-a-miembro-del-cartel-del-golfo-por-distribuir-metanfetamina-se-tomaba-fotos-luchando-contra-el-cjng\/\" target=\"_blank\" rel=\"noreferrer noopener\"><\/a><\/p>\n\n\n\n<p>Google detall\u00f3 que los nombres que cada usuario visualiza en Maps se basan seg\u00fan la ubicaci\u00f3n del pa\u00eds de cada uno, la cual se determina a partir de la informaci\u00f3n del sistema operativo de los tel\u00e9fonos m\u00f3viles o dispositivos.<\/p>\n\n\n\n<p>La empresa tecnol\u00f3gica detall\u00f3 que para el resto de pa\u00edses se muestra con los dos nombres sobre este cuerpo de agua.<\/p>\n\n\n\n<figure class=\"wp-block-image size-large\"><img loading=\"lazy\" decoding=\"async\" width=\"1024\" height=\"576\" src=\"https:\/\/corrientesdetarde.com\/wp-content\/uploads\/2025\/02\/image-509-1024x576.png\" alt=\"\" class=\"wp-image-190388\" srcset=\"https:\/\/corrientesdetarde.com\/wp-content\/uploads\/2025\/02\/image-509-1024x576.png 1024w, https:\/\/corrientesdetarde.com\/wp-content\/uploads\/2025\/02\/image-509-300x169.png 300w, https:\/\/corrientesdetarde.com\/wp-content\/uploads\/2025\/02\/image-509-768x432.png 768w, https:\/\/corrientesdetarde.com\/wp-content\/uploads\/2025\/02\/image-509.png 1200w\" sizes=\"auto, (max-width: 1024px) 100vw, 1024px\" \/><\/figure>\n\n\n\n<p><a href=\"https:\/\/www.infobae.com\/mexico\/2025\/02\/13\/que-delitos-podria-recibir-lucio-n-padre-del-recien-nacido-abandonado-en-tultitlan\/\" target=\"_blank\" rel=\"noreferrer noopener\"><\/a><\/p>\n\n\n\n<p>El anuncio de este cambio se produce tras una promesa realizada por Trump a finales de enero, en la que asegur\u00f3 que renombrar\u00eda el Golfo de M\u00e9xico como parte de sus esfuerzos por \u201crestaurar el orgullo estadounidense\u201d.<\/p>\n\n\n\n<p>Antes de viajar a Nueva Orleans para disfrutar del Super Bowl de la NFL, Trump declar\u00f3 el 9 de febrero como el \u201cD\u00eda del Golfo de Am\u00e9rica\u201d y destac\u00f3 la importancia de esta decisi\u00f3n para el pueblo norteamericano.<\/p>\n\n\n\n<p>\u201cHoy hago mi primera visita al Golfo de Am\u00e9rica desde que se le cambi\u00f3 el nombre. Mientras mi Administraci\u00f3n restaura el orgullo estadounidense por la historia de la grandeza estadounidense, es apropiado que nuestra gran Naci\u00f3n se re\u00fana y conmemore esta ocasi\u00f3n trascendental\u201d, resalt\u00f3 Trump.U.S. <\/p>\n\n\n\n<figure class=\"wp-block-image size-large\"><img loading=\"lazy\" decoding=\"async\" width=\"1024\" height=\"625\" src=\"https:\/\/corrientesdetarde.com\/wp-content\/uploads\/2025\/02\/image-511-1024x625.png\" alt=\"\" class=\"wp-image-190390\" srcset=\"https:\/\/corrientesdetarde.com\/wp-content\/uploads\/2025\/02\/image-511-1024x625.png 1024w, https:\/\/corrientesdetarde.com\/wp-content\/uploads\/2025\/02\/image-511-300x183.png 300w, https:\/\/corrientesdetarde.com\/wp-content\/uploads\/2025\/02\/image-511-768x469.png 768w, https:\/\/corrientesdetarde.com\/wp-content\/uploads\/2025\/02\/image-511.png 1200w\" sizes=\"auto, (max-width: 1024px) 100vw, 1024px\" \/><\/figure>\n\n\n\n<p>El cambio de nombre ha generado una fuerte controversia, especialmente en M\u00e9xico, donde el gobierno expres\u00f3 su rechazo a esta decisi\u00f3n.<\/p>\n\n\n\n<figure class=\"wp-block-image size-large\"><img loading=\"lazy\" decoding=\"async\" width=\"1024\" height=\"683\" src=\"https:\/\/corrientesdetarde.com\/wp-content\/uploads\/2025\/02\/image-510-1024x683.png\" alt=\"\" class=\"wp-image-190389\" srcset=\"https:\/\/corrientesdetarde.com\/wp-content\/uploads\/2025\/02\/image-510-1024x683.png 1024w, https:\/\/corrientesdetarde.com\/wp-content\/uploads\/2025\/02\/image-510-300x200.png 300w, https:\/\/corrientesdetarde.com\/wp-content\/uploads\/2025\/02\/image-510-768x512.png 768w, https:\/\/corrientesdetarde.com\/wp-content\/uploads\/2025\/02\/image-510.png 1200w\" sizes=\"auto, (max-width: 1024px) 100vw, 1024px\" \/><\/figure>\n\n\n\n<p>Google inform\u00f3 que el gobierno mexicano envi\u00f3 una carta al director ejecutivo de la compa\u00f1\u00eda, Sundar Pichai, solicitando que se corrija lo que calificaron como un error en la denominaci\u00f3n del \u00e1rea. En la misiva, las autoridades mexicanas pidieron que se respete el nombre original del golfo, argumentando que el cambio podr\u00eda generar confusi\u00f3n y tensiones diplom\u00e1ticas.<\/p>\n\n\n\n<p><\/p>\n","protected":false},"excerpt":{"rendered":"<p>A partir de este\u00a0lunes 10 de febrero la plataforma Google Maps\u00a0implement\u00f3 el cambio de nombre del\u00a0Golfo de M\u00e9xico por el de Golfo de Am\u00e9rica, aunque esta sustituci\u00f3n es s\u00f3lo visible&hellip; <\/p>\n","protected":false},"author":1,"featured_media":190390,"comment_status":"closed","ping_status":"open","sticky":false,"template":"","format":"standard","meta":{"footnotes":""},"categories":[11],"tags":[],"class_list":["post-190384","post","type-post","status-publish","format-standard","has-post-thumbnail","hentry","category-internacionales"],"_links":{"self":[{"href":"https:\/\/corrientesdetarde.com\/index.php\/wp-json\/wp\/v2\/posts\/190384","targetHints":{"allow":["GET"]}}],"collection":[{"href":"https:\/\/corrientesdetarde.com\/index.php\/wp-json\/wp\/v2\/posts"}],"about":[{"href":"https:\/\/corrientesdetarde.com\/index.php\/wp-json\/wp\/v2\/types\/post"}],"author":[{"embeddable":true,"href":"https:\/\/corrientesdetarde.com\/index.php\/wp-json\/wp\/v2\/users\/1"}],"replies":[{"embeddable":true,"href":"https:\/\/corrientesdetarde.com\/index.php\/wp-json\/wp\/v2\/comments?post=190384"}],"version-history":[{"count":1,"href":"https:\/\/corrientesdetarde.com\/index.php\/wp-json\/wp\/v2\/posts\/190384\/revisions"}],"predecessor-version":[{"id":190391,"href":"https:\/\/corrientesdetarde.com\/index.php\/wp-json\/wp\/v2\/posts\/190384\/revisions\/190391"}],"wp:featuredmedia":[{"embeddable":true,"href":"https:\/\/corrientesdetarde.com\/index.php\/wp-json\/wp\/v2\/media\/190390"}],"wp:attachment":[{"href":"https:\/\/corrientesdetarde.com\/index.php\/wp-json\/wp\/v2\/media?parent=190384"}],"wp:term":[{"taxonomy":"category","embeddable":true,"href":"https:\/\/corrientesdetarde.com\/index.php\/wp-json\/wp\/v2\/categories?post=190384"},{"taxonomy":"post_tag","embeddable":true,"href":"https:\/\/corrientesdetarde.com\/index.php\/wp-json\/wp\/v2\/tags?post=190384"}],"curies":[{"name":"wp","href":"https:\/\/api.w.org\/{rel}","templated":true}]}}