{"id":190447,"date":"2025-02-13T14:04:03","date_gmt":"2025-02-13T17:04:03","guid":{"rendered":"https:\/\/corrientesdetarde.com\/?p=190447"},"modified":"2025-02-13T14:04:15","modified_gmt":"2025-02-13T17:04:15","slug":"los-incendios-forestales-se-cobran-una-nueva-renuncia-en-el-gobierno-de-milei-se-va-ana-lamas","status":"publish","type":"post","link":"https:\/\/corrientesdetarde.com\/index.php\/politica\/los-incendios-forestales-se-cobran-una-nueva-renuncia-en-el-gobierno-de-milei-se-va-ana-lamas\/","title":{"rendered":"LOS INCENDIOS FORESTALES SE COBRAN UNA NUEVA RENUNCIA EN EL GOBIERNO DE MILEI: SE VA ANA LAMAS"},"content":{"rendered":"\n<p>(Corresponsal\u00eda Buenos Aires) &#8211; Los incendios forestales que arrasan distintas regiones del pa\u00eds sumaron una nueva v\u00edctima pol\u00edtica: Ana Lamas, subsecretaria de Ambiente de la Naci\u00f3n, present\u00f3 su renuncia en medio de la crisis por el fuego en la Patagonia, el Litoral y el centro del pa\u00eds.<\/p>\n\n\n\n<p>Seg\u00fan pudo confirmar Infobae, la funcionaria dejar\u00e1 su puesto por &#8220;agotamiento&#8221; y &#8220;razones personales&#8221;, aunque su salida se produce en un contexto de creciente cuestionamiento a la gesti\u00f3n ambiental del Gobierno de Javier Milei. &#8220;Estoy esperando la aceptaci\u00f3n&#8221;, desliz\u00f3 Lamas en la ma\u00f1ana del mi\u00e9rcoles.<\/p>\n\n\n\n<p>La decisi\u00f3n se da luego de meses de p\u00e9rdida de funciones dentro de la Secretar\u00eda de Ambiente, Deportes y Turismo, a cargo de Daniel Scioli. En diciembre, su \u00e1rea fue apartada del manejo del Sistema Nacional del Manejo del Fuego (SNMF), que qued\u00f3 bajo la \u00f3rbita del Ministerio de Seguridad de Patricia Bullrich. Desde entonces, el Ejecutivo avanz\u00f3 en el recorte de presupuesto para pol\u00edticas ambientales, lo que encendi\u00f3 alarmas entre especialistas y organizaciones ecologistas.<\/p>\n\n\n\n<p>Mientras Lamas deja su cargo, los incendios avanzan sin control. En la Patagonia, las llamas consumieron miles de hect\u00e1reas en El Bols\u00f3n, Epuy\u00e9n y los parques nacionales Nahuel Huap\u00ed y Lan\u00edn, con focos activos en R\u00edo Negro y Neuqu\u00e9n. En Corrientes, el fuego arras\u00f3 m\u00e1s de 100 mil hect\u00e1reas en zonas como Curuz\u00fa Cuati\u00e1 y Mercedes. Tambi\u00e9n se registran incendios en C\u00f3rdoba y Catamarca.<\/p>\n\n\n\n<p>La gesti\u00f3n ambiental del Gobierno enfrenta duras cr\u00edticas. Organizaciones como Fundaci\u00f3n Vida Silvestre y la Fundaci\u00f3n Ambiente y Recursos Naturales (FARN) alertaron sobre la falta de prevenci\u00f3n y la reducci\u00f3n de fondos para combatir incendios. Seg\u00fan FARN, en septiembre solo se hab\u00eda ejecutado el 22% del presupuesto asignado al manejo del fuego, lo que refleja una gesti\u00f3n reactiva en lugar de una estrategia de prevenci\u00f3n.<\/p>\n\n\n\n<p>El Ejecutivo rechaza las acusaciones y asegura que despleg\u00f3 brigadistas y recursos a las zonas afectadas. &#8220;Disponemos de 9 aviones, 10 helic\u00f3pteros, 4 autobombas forestales y m\u00e1s de 100 brigadistas en la Patagonia&#8221;, afirm\u00f3 el jefe de Gabinete, Guillermo Francos. Tambi\u00e9n se destinaron fondos a las provincias afectadas, aunque los gobiernos locales advierten que son insuficientes.<\/p>\n\n\n\n<p>La salida de Lamas refuerza la percepci\u00f3n de una Secretar\u00eda de Ambiente debilitada y sin poder de acci\u00f3n. Mientras las llamas avanzan y el fuego arrasa con bosques y viviendas, el Gobierno sigue perdiendo funcionarios en \u00e1reas clave para la crisis.<\/p>\n","protected":false},"excerpt":{"rendered":"<p>(Corresponsal\u00eda Buenos Aires) &#8211; Los incendios forestales que arrasan distintas regiones del pa\u00eds sumaron una nueva v\u00edctima pol\u00edtica: Ana Lamas, subsecretaria de Ambiente de la Naci\u00f3n, present\u00f3 su renuncia en&hellip; <\/p>\n","protected":false},"author":11,"featured_media":190448,"comment_status":"closed","ping_status":"open","sticky":false,"template":"","format":"standard","meta":{"footnotes":""},"categories":[26,3],"tags":[96,2578],"class_list":["post-190447","post","type-post","status-publish","format-standard","has-post-thumbnail","hentry","category-destacados","category-politica","tag-incendios","tag-lamas"],"_links":{"self":[{"href":"https:\/\/corrientesdetarde.com\/index.php\/wp-json\/wp\/v2\/posts\/190447","targetHints":{"allow":["GET"]}}],"collection":[{"href":"https:\/\/corrientesdetarde.com\/index.php\/wp-json\/wp\/v2\/posts"}],"about":[{"href":"https:\/\/corrientesdetarde.com\/index.php\/wp-json\/wp\/v2\/types\/post"}],"author":[{"embeddable":true,"href":"https:\/\/corrientesdetarde.com\/index.php\/wp-json\/wp\/v2\/users\/11"}],"replies":[{"embeddable":true,"href":"https:\/\/corrientesdetarde.com\/index.php\/wp-json\/wp\/v2\/comments?post=190447"}],"version-history":[{"count":1,"href":"https:\/\/corrientesdetarde.com\/index.php\/wp-json\/wp\/v2\/posts\/190447\/revisions"}],"predecessor-version":[{"id":190449,"href":"https:\/\/corrientesdetarde.com\/index.php\/wp-json\/wp\/v2\/posts\/190447\/revisions\/190449"}],"wp:featuredmedia":[{"embeddable":true,"href":"https:\/\/corrientesdetarde.com\/index.php\/wp-json\/wp\/v2\/media\/190448"}],"wp:attachment":[{"href":"https:\/\/corrientesdetarde.com\/index.php\/wp-json\/wp\/v2\/media?parent=190447"}],"wp:term":[{"taxonomy":"category","embeddable":true,"href":"https:\/\/corrientesdetarde.com\/index.php\/wp-json\/wp\/v2\/categories?post=190447"},{"taxonomy":"post_tag","embeddable":true,"href":"https:\/\/corrientesdetarde.com\/index.php\/wp-json\/wp\/v2\/tags?post=190447"}],"curies":[{"name":"wp","href":"https:\/\/api.w.org\/{rel}","templated":true}]}}