{"id":190450,"date":"2025-02-13T14:12:51","date_gmt":"2025-02-13T17:12:51","guid":{"rendered":"https:\/\/corrientesdetarde.com\/?p=190450"},"modified":"2025-02-13T14:13:04","modified_gmt":"2025-02-13T17:13:04","slug":"fin-de-semana-con-carnavales-descubri-corrientes-feria-de-artesanos-venta-de-libros-y-poesia-oral","status":"publish","type":"post","link":"https:\/\/corrientesdetarde.com\/index.php\/sociales\/fin-de-semana-con-carnavales-descubri-corrientes-feria-de-artesanos-venta-de-libros-y-poesia-oral\/","title":{"rendered":"Fin de semana con Carnavales, Descubr\u00ed Corrientes, feria de artesanos, venta de libros y poes\u00eda oral"},"content":{"rendered":"\n<p><em>La oferta cultural incluye nuevas jornadas de los Carnavales Oficiales y del Carnaval Barrial, recorridos guiados por sitios emblem\u00e1ticos de la ciudad, feria de artesanos, as\u00ed como un espacio de venta circular de libros y de poes\u00eda.<\/em><\/p>\n\n\n\n<p>La agenda cultural del fin de semana en Corrientes tendr\u00e1 este fin de semana m\u00faltiples propuestas que incluyen nuevas jornadas de los Carnavales Oficiales y del Carnaval Barrial. Adem\u00e1s habr\u00e1 recorridos guiados por la ciudad, feria de artesanos y venta circular de libros, con poes\u00eda oral.<br><br>El Carnaval Oficial 2025 vivir\u00e1 este viernes 14 y s\u00e1bado 15 de febrero, a partir de las 22, dos nuevas noches que prometen una gran concurrencia de p\u00fablico. Por el cors\u00f3dromo Nolo Al\u00edas desfilar\u00e1n las comparsas de primera categor\u00eda Ar\u00e1 Ber\u00e1, Sapucay, Copacabana y Arand\u00fa Beleza, adem\u00e1s de las agrupaciones musicales Samba Total, Imperio Bahiano, Kamandukahia, Samba Show y Sambanda.<br><br>Las entradas pueden adquirirse en Centenario Shopping (Av. Ra\u00fal Alfons\u00edn 3525) y a trav\u00e9s de&nbsp;<a href=\"https:\/\/ciudaddecorrientes.us12.list-manage.com\/track\/click?u=253e4bcff71216c6af771c3c9&amp;id=99c0e98acb&amp;e=17643edfa8\" target=\"_blank\" rel=\"noreferrer noopener\">Norteticket.com<\/a><br><br>Tambi\u00e9n este viernes tendr\u00e1 lugar la cl\u00e1sica Feria de Artesanos, que se har\u00e1 presente de 9 a 22 en la plaza Cabral, con todo tipo de objetos y creaciones artesanales, ideal para adquirir un recuerdo especial o hacer un regalo \u00fanico. La propuesta se repetir\u00e1 el s\u00e1bado y domingo en el mismo lugar y horario.<br><br>El ciclo Contraste, que incluye la venta circular de libros y poes\u00eda oral, tendr\u00e1 lugar este s\u00e1bado desde las 17 en el Museo Antropol\u00f3gico y Arqueol\u00f3gico Casa Mart\u00ednez, de calle Fray Jos\u00e9 de la Quintana 971, con entrada libre y gratuita.<br><br>A trav\u00e9s del mismo, la Municipalidad promueve un espacio donde los escritores locales independientes pueden comercializar sus libros, que contar\u00e1 con la participaci\u00f3n de la Sociedad Argentina de Escritores (SADE) Corrientes, adem\u00e1s de un espacio de poes\u00eda oral que tendr\u00e1 la participaci\u00f3n del Movimiento Ciclo de Poes\u00eda. &nbsp;<br><br>Vecinos y turistas podr\u00e1n participar el fin de semana del circuito tur\u00edstico \u201cDescubr\u00ed Corrientes\u201d, que comprende recorridos guiados a circuitos emblem\u00e1ticos de la ciudad. El s\u00e1bado, de 19 a 21, se visitar\u00e1 la plaza 25 de Mayo y sus alrededores, donde se podr\u00e1 apreciar los atractivos del casco hist\u00f3rico, y que tendr\u00e1 como punto de encuentro el monumento al General San Mart\u00edn.<br><br>Mientras que el domingo, de 18 a 20, se recorrer\u00e1n los mausoleos de personalidades destacadas de la historia de Corrientes en el cementerio San Juan Bautista. El punto de encuentro ser\u00e1 la entrada principal del camposanto.<br><br>Las inscripciones para participar de las visitas guiadas son gratuitas y pueden registrarse ingresando a&nbsp;<a href=\"https:\/\/ciudaddecorrientes.us12.list-manage.com\/track\/click?u=253e4bcff71216c6af771c3c9&amp;id=73b1129546&amp;e=17643edfa8\" target=\"_blank\" rel=\"noreferrer noopener\">https:\/\/visitcorrientes.tur.ar\/descubri\/<\/a><br><br>Finalmente, este domingo desde las 20 tendr\u00e1 lugar en el barrio Laguna Brava la sexta noche del Carnaval Barrial 2025, que cuenta con la participaci\u00f3n de 26 comparsas, agrupaciones musicales y humor\u00edsticas, con acceso libre y gratuito para todo p\u00fablico.<\/p>\n\n\n\n<figure class=\"wp-block-image size-large\"><img loading=\"lazy\" decoding=\"async\" width=\"1024\" height=\"682\" src=\"https:\/\/corrientesdetarde.com\/wp-content\/uploads\/2025\/02\/image-533-1024x682.png\" alt=\"\" class=\"wp-image-190452\" srcset=\"https:\/\/corrientesdetarde.com\/wp-content\/uploads\/2025\/02\/image-533-1024x682.png 1024w, https:\/\/corrientesdetarde.com\/wp-content\/uploads\/2025\/02\/image-533-300x200.png 300w, https:\/\/corrientesdetarde.com\/wp-content\/uploads\/2025\/02\/image-533-768x512.png 768w, https:\/\/corrientesdetarde.com\/wp-content\/uploads\/2025\/02\/image-533.png 1280w\" sizes=\"auto, (max-width: 1024px) 100vw, 1024px\" \/><\/figure>\n\n\n\n<figure class=\"wp-block-image size-large\"><img loading=\"lazy\" decoding=\"async\" width=\"1024\" height=\"682\" src=\"https:\/\/corrientesdetarde.com\/wp-content\/uploads\/2025\/02\/image-534-1024x682.png\" alt=\"\" class=\"wp-image-190453\" srcset=\"https:\/\/corrientesdetarde.com\/wp-content\/uploads\/2025\/02\/image-534-1024x682.png 1024w, https:\/\/corrientesdetarde.com\/wp-content\/uploads\/2025\/02\/image-534-300x200.png 300w, https:\/\/corrientesdetarde.com\/wp-content\/uploads\/2025\/02\/image-534-768x512.png 768w, https:\/\/corrientesdetarde.com\/wp-content\/uploads\/2025\/02\/image-534.png 1280w\" sizes=\"auto, (max-width: 1024px) 100vw, 1024px\" \/><\/figure>\n\n\n\n<figure class=\"wp-block-image size-full\"><img loading=\"lazy\" decoding=\"async\" width=\"800\" height=\"600\" src=\"https:\/\/corrientesdetarde.com\/wp-content\/uploads\/2025\/02\/image-535.png\" alt=\"\" class=\"wp-image-190454\" srcset=\"https:\/\/corrientesdetarde.com\/wp-content\/uploads\/2025\/02\/image-535.png 800w, https:\/\/corrientesdetarde.com\/wp-content\/uploads\/2025\/02\/image-535-300x225.png 300w, https:\/\/corrientesdetarde.com\/wp-content\/uploads\/2025\/02\/image-535-768x576.png 768w\" sizes=\"auto, (max-width: 800px) 100vw, 800px\" \/><\/figure>\n\n\n\n<figure class=\"wp-block-image size-full\"><img loading=\"lazy\" decoding=\"async\" width=\"800\" height=\"533\" src=\"https:\/\/corrientesdetarde.com\/wp-content\/uploads\/2025\/02\/image-536.png\" alt=\"\" class=\"wp-image-190455\" srcset=\"https:\/\/corrientesdetarde.com\/wp-content\/uploads\/2025\/02\/image-536.png 800w, https:\/\/corrientesdetarde.com\/wp-content\/uploads\/2025\/02\/image-536-300x200.png 300w, https:\/\/corrientesdetarde.com\/wp-content\/uploads\/2025\/02\/image-536-768x512.png 768w\" sizes=\"auto, (max-width: 800px) 100vw, 800px\" \/><\/figure>\n\n\n\n<figure class=\"wp-block-image size-large\"><img loading=\"lazy\" decoding=\"async\" width=\"1024\" height=\"682\" src=\"https:\/\/corrientesdetarde.com\/wp-content\/uploads\/2025\/02\/image-537-1024x682.png\" alt=\"\" class=\"wp-image-190456\" srcset=\"https:\/\/corrientesdetarde.com\/wp-content\/uploads\/2025\/02\/image-537-1024x682.png 1024w, https:\/\/corrientesdetarde.com\/wp-content\/uploads\/2025\/02\/image-537-300x200.png 300w, https:\/\/corrientesdetarde.com\/wp-content\/uploads\/2025\/02\/image-537-768x512.png 768w, https:\/\/corrientesdetarde.com\/wp-content\/uploads\/2025\/02\/image-537.png 1280w\" sizes=\"auto, (max-width: 1024px) 100vw, 1024px\" \/><\/figure>\n\n\n\n<figure class=\"wp-block-image size-large\"><img loading=\"lazy\" decoding=\"async\" width=\"819\" height=\"1024\" src=\"https:\/\/corrientesdetarde.com\/wp-content\/uploads\/2025\/02\/image-538-819x1024.png\" alt=\"\" class=\"wp-image-190457\" srcset=\"https:\/\/corrientesdetarde.com\/wp-content\/uploads\/2025\/02\/image-538-819x1024.png 819w, https:\/\/corrientesdetarde.com\/wp-content\/uploads\/2025\/02\/image-538-240x300.png 240w, https:\/\/corrientesdetarde.com\/wp-content\/uploads\/2025\/02\/image-538-768x960.png 768w, https:\/\/corrientesdetarde.com\/wp-content\/uploads\/2025\/02\/image-538.png 1024w\" sizes=\"auto, (max-width: 819px) 100vw, 819px\" \/><\/figure>\n\n\n\n<figure class=\"wp-block-image size-large\"><img loading=\"lazy\" decoding=\"async\" width=\"819\" height=\"1024\" src=\"https:\/\/corrientesdetarde.com\/wp-content\/uploads\/2025\/02\/image-539-819x1024.png\" alt=\"\" class=\"wp-image-190458\" srcset=\"https:\/\/corrientesdetarde.com\/wp-content\/uploads\/2025\/02\/image-539-819x1024.png 819w, https:\/\/corrientesdetarde.com\/wp-content\/uploads\/2025\/02\/image-539-240x300.png 240w, https:\/\/corrientesdetarde.com\/wp-content\/uploads\/2025\/02\/image-539-768x960.png 768w, https:\/\/corrientesdetarde.com\/wp-content\/uploads\/2025\/02\/image-539.png 1024w\" sizes=\"auto, (max-width: 819px) 100vw, 819px\" \/><\/figure>\n\n\n\n<figure class=\"wp-block-image size-large\"><img loading=\"lazy\" decoding=\"async\" width=\"819\" height=\"1024\" src=\"https:\/\/corrientesdetarde.com\/wp-content\/uploads\/2025\/02\/image-540-819x1024.png\" alt=\"\" class=\"wp-image-190459\" srcset=\"https:\/\/corrientesdetarde.com\/wp-content\/uploads\/2025\/02\/image-540-819x1024.png 819w, https:\/\/corrientesdetarde.com\/wp-content\/uploads\/2025\/02\/image-540-240x300.png 240w, https:\/\/corrientesdetarde.com\/wp-content\/uploads\/2025\/02\/image-540-768x960.png 768w, https:\/\/corrientesdetarde.com\/wp-content\/uploads\/2025\/02\/image-540.png 1024w\" sizes=\"auto, (max-width: 819px) 100vw, 819px\" \/><\/figure>\n","protected":false},"excerpt":{"rendered":"<p>La oferta cultural incluye nuevas jornadas de los Carnavales Oficiales y del Carnaval Barrial, recorridos guiados por sitios emblem\u00e1ticos de la ciudad, feria de artesanos, as\u00ed como un espacio de&hellip; <\/p>\n","protected":false},"author":8,"featured_media":190451,"comment_status":"closed","ping_status":"open","sticky":false,"template":"","format":"standard","meta":{"footnotes":""},"categories":[22,17],"tags":[],"class_list":["post-190450","post","type-post","status-publish","format-standard","has-post-thumbnail","hentry","category-eventos","category-sociales"],"_links":{"self":[{"href":"https:\/\/corrientesdetarde.com\/index.php\/wp-json\/wp\/v2\/posts\/190450","targetHints":{"allow":["GET"]}}],"collection":[{"href":"https:\/\/corrientesdetarde.com\/index.php\/wp-json\/wp\/v2\/posts"}],"about":[{"href":"https:\/\/corrientesdetarde.com\/index.php\/wp-json\/wp\/v2\/types\/post"}],"author":[{"embeddable":true,"href":"https:\/\/corrientesdetarde.com\/index.php\/wp-json\/wp\/v2\/users\/8"}],"replies":[{"embeddable":true,"href":"https:\/\/corrientesdetarde.com\/index.php\/wp-json\/wp\/v2\/comments?post=190450"}],"version-history":[{"count":1,"href":"https:\/\/corrientesdetarde.com\/index.php\/wp-json\/wp\/v2\/posts\/190450\/revisions"}],"predecessor-version":[{"id":190460,"href":"https:\/\/corrientesdetarde.com\/index.php\/wp-json\/wp\/v2\/posts\/190450\/revisions\/190460"}],"wp:featuredmedia":[{"embeddable":true,"href":"https:\/\/corrientesdetarde.com\/index.php\/wp-json\/wp\/v2\/media\/190451"}],"wp:attachment":[{"href":"https:\/\/corrientesdetarde.com\/index.php\/wp-json\/wp\/v2\/media?parent=190450"}],"wp:term":[{"taxonomy":"category","embeddable":true,"href":"https:\/\/corrientesdetarde.com\/index.php\/wp-json\/wp\/v2\/categories?post=190450"},{"taxonomy":"post_tag","embeddable":true,"href":"https:\/\/corrientesdetarde.com\/index.php\/wp-json\/wp\/v2\/tags?post=190450"}],"curies":[{"name":"wp","href":"https:\/\/api.w.org\/{rel}","templated":true}]}}