{"id":190464,"date":"2025-02-13T14:20:10","date_gmt":"2025-02-13T17:20:10","guid":{"rendered":"https:\/\/corrientesdetarde.com\/?p=190464"},"modified":"2025-02-13T14:20:22","modified_gmt":"2025-02-13T17:20:22","slug":"este-lunes-17-inicia-el-pago-de-plus-complementario-a-municipales","status":"publish","type":"post","link":"https:\/\/corrientesdetarde.com\/index.php\/locales\/este-lunes-17-inicia-el-pago-de-plus-complementario-a-municipales\/","title":{"rendered":"Este lunes 17 inicia el pago de plus complementario a municipales"},"content":{"rendered":"\n<p><em>El cronograma de este adicional de febrero se extender\u00e1 hasta el mi\u00e9rcoles 19, seg\u00fan anunci\u00f3 el intendente Eduardo Tassano a trav\u00e9s de sus redes.<\/em><em>&nbsp;<\/em><\/p>\n\n\n\n<p>Los trabajadores de planta, contrato y los agentes Neike bancarizados tendr\u00e1n depositado el pago del plus en sus respectivas cuentas bancarias el mismo lunes 17 de febrero, dinero al que podr\u00e1n acceder a trav\u00e9s de los cajeros autom\u00e1ticos habilitados.<br>Por su parte, aquellos trabajadores Neike que no est\u00e1n bancarizados deber\u00e1n dirigirse a la Caja Municipal de Pr\u00e9stamos (CMP), en su sede central, ubicada en Brasil 1269. Los pagos se realizan de lunes a viernes, de 7:30 a 12:30 y de 16 a 20.<br>En este caso, el lunes 17 de febrero les corresponder\u00e1 cobrar a los trabajadores cuyos DNI terminen en 0, 1 y 2; en tanto que el martes 18 se pagar\u00e1 a los agentes con DNI finalizados en 3, 4, 5 y 6; y concluir\u00e1 el mi\u00e9rcoles 19 con los que tengan documentos que finalicen en 7, 8 y 9.<br>En tanto, los Neike bancarizados pero que no poseen tarjeta de d\u00e9bito, deber\u00e1n cobrar por ventanilla del Banco de Corrientes (sucursal av. Teniente Ib\u00e1\u00f1ez 1826) de acuerdo al cronograma detallado anteriormente y que va del lunes 17 al mi\u00e9rcoles 19 de febrero.<\/p>\n\n\n\n<figure class=\"wp-block-image size-large\"><img loading=\"lazy\" decoding=\"async\" width=\"1024\" height=\"1024\" src=\"https:\/\/corrientesdetarde.com\/wp-content\/uploads\/2025\/02\/image-542-1024x1024.png\" alt=\"\" class=\"wp-image-190467\" srcset=\"https:\/\/corrientesdetarde.com\/wp-content\/uploads\/2025\/02\/image-542-1024x1024.png 1024w, https:\/\/corrientesdetarde.com\/wp-content\/uploads\/2025\/02\/image-542-300x300.png 300w, https:\/\/corrientesdetarde.com\/wp-content\/uploads\/2025\/02\/image-542-150x150.png 150w, https:\/\/corrientesdetarde.com\/wp-content\/uploads\/2025\/02\/image-542-768x768.png 768w, https:\/\/corrientesdetarde.com\/wp-content\/uploads\/2025\/02\/image-542.png 1280w\" sizes=\"auto, (max-width: 1024px) 100vw, 1024px\" \/><\/figure>\n","protected":false},"excerpt":{"rendered":"<p>El cronograma de este adicional de febrero se extender\u00e1 hasta el mi\u00e9rcoles 19, seg\u00fan anunci\u00f3 el intendente Eduardo Tassano a trav\u00e9s de sus redes.&nbsp; Los trabajadores de planta, contrato y&hellip; <\/p>\n","protected":false},"author":8,"featured_media":190466,"comment_status":"closed","ping_status":"open","sticky":false,"template":"","format":"standard","meta":{"footnotes":""},"categories":[20,8],"tags":[],"class_list":["post-190464","post","type-post","status-publish","format-standard","has-post-thumbnail","hentry","category-economia","category-locales"],"_links":{"self":[{"href":"https:\/\/corrientesdetarde.com\/index.php\/wp-json\/wp\/v2\/posts\/190464","targetHints":{"allow":["GET"]}}],"collection":[{"href":"https:\/\/corrientesdetarde.com\/index.php\/wp-json\/wp\/v2\/posts"}],"about":[{"href":"https:\/\/corrientesdetarde.com\/index.php\/wp-json\/wp\/v2\/types\/post"}],"author":[{"embeddable":true,"href":"https:\/\/corrientesdetarde.com\/index.php\/wp-json\/wp\/v2\/users\/8"}],"replies":[{"embeddable":true,"href":"https:\/\/corrientesdetarde.com\/index.php\/wp-json\/wp\/v2\/comments?post=190464"}],"version-history":[{"count":1,"href":"https:\/\/corrientesdetarde.com\/index.php\/wp-json\/wp\/v2\/posts\/190464\/revisions"}],"predecessor-version":[{"id":190468,"href":"https:\/\/corrientesdetarde.com\/index.php\/wp-json\/wp\/v2\/posts\/190464\/revisions\/190468"}],"wp:featuredmedia":[{"embeddable":true,"href":"https:\/\/corrientesdetarde.com\/index.php\/wp-json\/wp\/v2\/media\/190466"}],"wp:attachment":[{"href":"https:\/\/corrientesdetarde.com\/index.php\/wp-json\/wp\/v2\/media?parent=190464"}],"wp:term":[{"taxonomy":"category","embeddable":true,"href":"https:\/\/corrientesdetarde.com\/index.php\/wp-json\/wp\/v2\/categories?post=190464"},{"taxonomy":"post_tag","embeddable":true,"href":"https:\/\/corrientesdetarde.com\/index.php\/wp-json\/wp\/v2\/tags?post=190464"}],"curies":[{"name":"wp","href":"https:\/\/api.w.org\/{rel}","templated":true}]}}