{"id":190470,"date":"2025-02-13T14:25:49","date_gmt":"2025-02-13T17:25:49","guid":{"rendered":"https:\/\/corrientesdetarde.com\/?p=190470"},"modified":"2025-02-13T14:26:01","modified_gmt":"2025-02-13T17:26:01","slug":"el-gobierno-analiza-eliminar-por-decreto-el-dni-no-binario-y-define-los-cambios-a-la-figura-de-femicidio","status":"publish","type":"post","link":"https:\/\/corrientesdetarde.com\/index.php\/politica\/el-gobierno-analiza-eliminar-por-decreto-el-dni-no-binario-y-define-los-cambios-a-la-figura-de-femicidio\/","title":{"rendered":"El Gobierno analiza eliminar por decreto el DNI no binario y define los cambios a la figura de femicidio"},"content":{"rendered":"\n<p>Adem\u00e1s, un sector del oficialismo investiga las implicancias legales que conllevar\u00eda prohibir la participaci\u00f3n de las personas trans en el deporte femenino, en consonancia con la medida anunciada por Donald Trump en EE.UU.<\/p>\n\n\n\n<p><a href=\"https:\/\/tn.com.ar\/autor\/Isalerno\/\"><\/a><\/p>\n\n\n\n<p><strong>El\u00a0Gobierno\u00a0analiza eliminar el DNI no binario por decreto y define los cambios a la figura de\u00a0femicidio<\/strong>. Se trata de las medidas que prepara el Ejecutivo contra la \u201cagenda LGBT\u201d, que profundizar\u00e1 con el env\u00edo de un proyecto en el inicio de las sesiones ordinarias.<\/p>\n\n\n\n<p>La Casa Rosada&nbsp;<strong>asegura que tiene una serie de reformas en carpeta para avanzar a trav\u00e9s de decretos<\/strong>&nbsp;y resoluciones en el Bolet\u00edn Oficial. \u201cEstamos analizando en qu\u00e9 momento y de qu\u00e9 forma oficializarlas. Lo tiene que definir el Presidente\u201d, expresan en Naci\u00f3n.<\/p>\n\n\n\n<p>La mesa chica de Casa Rosada busca eliminar todas las normativas que incluyan \u201cdiscriminaci\u00f3n positiva sobre minor\u00edas\u201d. Es por eso que&nbsp;<strong>un sector del oficialismo investig\u00f3 las implicancias legales que conllevar\u00eda prohibir la participaci\u00f3n de las personas trans en el deporte femenino<\/strong>&nbsp;tras la medida del mandatario estadounidense, Donald Trump.<\/p>\n\n\n\n<p>En Balcarce 50 sostienen que la derogaci\u00f3n de la Ley 27.636 -que fija el 1% de los cupos para personas travestis, transexuales y transg\u00e9nero en el Estado- junto con la baja de Ley de Paridad de G\u00e9nero en \u00c1mbitos de Representaci\u00f3n Pol\u00edtica (27.412) ir\u00e1n en el proyecto de \u201cigualdad ante de la ley\u201d.<\/p>\n\n\n\n<figure class=\"wp-block-image\"><img decoding=\"async\" src=\"https:\/\/tn.com.ar\/resizer\/v2\/el-gobierno-analiza-eliminar-el-dni-no-binario-por-decreto-y-define-los-cambios-a-la-figura-de-femicidio-foto-tn-GWCHSOH4JZGTJBKP4DFR5BVJLM.JPG?auth=9732ce0811bb875adbdbce40a07fd24e211d675ccf5abae8165a08300358aaa3&amp;width=767\" alt=\"El Gobierno analiza eliminar el DNI no binario por decreto y define los cambios a la figura de femicidio (Foto: TN).\"\/><\/figure>\n\n\n\n<p><strong>Lo mismo aplica para<\/strong>&nbsp;<strong>la Ley Micaela (27.499)<\/strong>, que fue sancionada en 2018 y establece capacitaciones obligatorias en perspectivas de g\u00e9nero y violencia contra las mujeres para todas las personas que trabajan en el Ejecutivo, en el Congreso y en la Justicia.<\/p>\n\n\n\n<p>El Gobierno est\u00e1 trabajando adem\u00e1s en las modificaciones a la figura de femicidio del C\u00f3digo Penal, que fue incorporada a trav\u00e9s de la Ley 26.791. En Naci\u00f3n aseguran que r<strong>ealizar\u00e1n cambios en el art\u00edculo 2 y 3 para \u201cequiparar las penas en ambos sexos\u201d<\/strong>. Es por eso que quitar\u00e1n la diferenciaci\u00f3n entre hombres y mujeres del articulado.<\/p>\n\n\n\n<p>\u201cEl problema de la ley actual es que&nbsp;<strong>ten\u00e9s que comprobar que el homicidio fue realizado por odio a las mujeres<\/strong>, lo que entendemos que es muy poco probable. Queremos que aplique de igual forma en ambos casos\u201d, expresan en Naci\u00f3n.<\/p>\n\n\n\n<p>La Casa Rosada ya modific\u00f3 la Ley de Identidad de G\u00e9nero (26.743) para prohibir los procesos de hormonizaci\u00f3n en menores y&nbsp;<strong>prepara otro decreto para eliminar el financiamiento estatal de los cambios de g\u00e9nero en mayores<\/strong>. \u201cEs parte de la agenda en la que estamos trabajando para las pr\u00f3ximas semanas\u201d, adelantaron en Balcarce 50.<\/p>\n","protected":false},"excerpt":{"rendered":"<p>Adem\u00e1s, un sector del oficialismo investiga las implicancias legales que conllevar\u00eda prohibir la participaci\u00f3n de las personas trans en el deporte femenino, en consonancia con la medida anunciada por Donald&hellip; <\/p>\n","protected":false},"author":8,"featured_media":190471,"comment_status":"closed","ping_status":"open","sticky":false,"template":"","format":"standard","meta":{"footnotes":""},"categories":[3],"tags":[],"class_list":["post-190470","post","type-post","status-publish","format-standard","has-post-thumbnail","hentry","category-politica"],"_links":{"self":[{"href":"https:\/\/corrientesdetarde.com\/index.php\/wp-json\/wp\/v2\/posts\/190470","targetHints":{"allow":["GET"]}}],"collection":[{"href":"https:\/\/corrientesdetarde.com\/index.php\/wp-json\/wp\/v2\/posts"}],"about":[{"href":"https:\/\/corrientesdetarde.com\/index.php\/wp-json\/wp\/v2\/types\/post"}],"author":[{"embeddable":true,"href":"https:\/\/corrientesdetarde.com\/index.php\/wp-json\/wp\/v2\/users\/8"}],"replies":[{"embeddable":true,"href":"https:\/\/corrientesdetarde.com\/index.php\/wp-json\/wp\/v2\/comments?post=190470"}],"version-history":[{"count":1,"href":"https:\/\/corrientesdetarde.com\/index.php\/wp-json\/wp\/v2\/posts\/190470\/revisions"}],"predecessor-version":[{"id":190472,"href":"https:\/\/corrientesdetarde.com\/index.php\/wp-json\/wp\/v2\/posts\/190470\/revisions\/190472"}],"wp:featuredmedia":[{"embeddable":true,"href":"https:\/\/corrientesdetarde.com\/index.php\/wp-json\/wp\/v2\/media\/190471"}],"wp:attachment":[{"href":"https:\/\/corrientesdetarde.com\/index.php\/wp-json\/wp\/v2\/media?parent=190470"}],"wp:term":[{"taxonomy":"category","embeddable":true,"href":"https:\/\/corrientesdetarde.com\/index.php\/wp-json\/wp\/v2\/categories?post=190470"},{"taxonomy":"post_tag","embeddable":true,"href":"https:\/\/corrientesdetarde.com\/index.php\/wp-json\/wp\/v2\/tags?post=190470"}],"curies":[{"name":"wp","href":"https:\/\/api.w.org\/{rel}","templated":true}]}}