{"id":190473,"date":"2025-02-13T14:28:31","date_gmt":"2025-02-13T17:28:31","guid":{"rendered":"https:\/\/corrientesdetarde.com\/?p=190473"},"modified":"2025-02-13T14:28:39","modified_gmt":"2025-02-13T17:28:39","slug":"zelenski-pidio-sellar-un-acuerdo-con-donald-trump-antes-de-negociar-un-tratado-de-paz-con-putin","status":"publish","type":"post","link":"https:\/\/corrientesdetarde.com\/index.php\/internacionales\/zelenski-pidio-sellar-un-acuerdo-con-donald-trump-antes-de-negociar-un-tratado-de-paz-con-putin\/","title":{"rendered":"Zelenski pidi\u00f3 sellar un acuerdo con Donald Trump antes de negociar un tratado de paz con Putin"},"content":{"rendered":"\n<p>El presidente de Ucrania y los integrantes de la OTAN cuestionaron el anuncio del primer mandatario estadounidense.<\/p>\n\n\n\n<p>El presidente de Ucrania,\u00a0<strong>Volodimir Zelenski<\/strong>, dijo este jueves que quisiera acordar con\u00a0<strong>Donald Trump<\/strong>\u00a0un plan para poner\u00a0<strong>fin a la guerra con Rusia<\/strong>\u00a0antes de incluir a\u00a0<strong>Vladimir Putin<\/strong>\u00a0en la negociaci\u00f3n.<\/p>\n\n\n\n<p>\u201cLos contactos entre Ucrania y Estados Unidos son prioritarios para nosotros. Y s\u00f3lo despu\u00e9s de estos, y despu\u00e9s de que se haya puesto en marcha un\u00a0<strong>plan para parar a Putin<\/strong>, creo que estar\u00e1 bien hablar con los rusos\u201d, plante\u00f3 Zelenski. El mi\u00e9rcoles, Trump y Putin mantuvieron una\u00a0<strong>conversaci\u00f3n telef\u00f3nica<\/strong>\u00a0para hablar de\u00a0<strong>c\u00f3mo poner fin al conflicto<\/strong>, iniciado con la invasi\u00f3n rusa de Ucrania en febrero de 2022.<\/p>\n\n\n\n<p>Este jueves, el secretario estadounidense de Defensa,&nbsp;<strong>Pete Hegseth<\/strong>, dijo que el contacto entre Trump y Putin no era una&nbsp;<strong>\u201ctraici\u00f3n\u201d<\/strong>&nbsp;a Ucrania, pero el gesto motiv\u00f3 una reacci\u00f3n en\u00e9rgica de los&nbsp;<strong>aliados europeos de la OTAN<\/strong>, que reclaman formar parte de la negociaci\u00f3n.<\/p>\n\n\n\n<p>La postura de los pa\u00edses europeos sigue apoy\u00e1ndose en la premisa de<strong>&nbsp;\u201cno discutir nada sobre Ucrania sin Ucrania\u201d<\/strong>, y por ello la iniciativa de Trump represent\u00f3 un balde de agua helada. Este jueves, la jefa de la diplomacia de la UE,&nbsp;<strong>Kaja Kallas<\/strong>, advirti\u00f3 que un acuerdo sellado a espaldas de la UE&nbsp;<strong>\u201csimplemente no funcionar\u00e1\u201d<\/strong>, ya que requerir\u00eda de Europa y de Ucrania para su implementaci\u00f3n.<\/p>\n\n\n\n<p>\u201cSin nosotros en la mesa,&nbsp;<strong>pueden acordar cualquier cosa, pero fracasar\u00e1<\/strong>, sencillamente porque no habr\u00e1 implementaci\u00f3n\u201d, insisti\u00f3 la ex primera ministra de Estonia.<\/p>\n\n\n\n<figure class=\"wp-block-image\"><img decoding=\"async\" src=\"https:\/\/tn.com.ar\/resizer\/v2\/trump-menciono-un-posible-encuentro-con-putin-en-arabia-saudita-pero-no-adelanto-una-posible-fecha-foto-reuters-M24QHLL2PZE3TELFV65MSXID3U.jpg?auth=8c3c813dae176b5b83d3909a4f294d31f19fb2ee31db32b819699abe3b723684&amp;width=767\" alt=\"Trump mencion\u00f3 un posible encuentro con Putin en Arabia Saudita, pero no adelant\u00f3 una posible fecha. (Foto: Reuters)\"\/><\/figure>\n\n\n\n<p>En tanto, el presidente del Consejo Europeo, el portugu\u00e9s&nbsp;<strong>Ant\u00f3nio Costa<\/strong>, afirm\u00f3 que una eventual paz en Ucrania deb\u00eda ser m\u00e1s que \u201cun simple alto el fuego\u201d, y reforz\u00f3 la participaci\u00f3n de Europa: \u201cNo habr\u00e1 negociaciones cre\u00edbles y exitosas, ni paz duradera, sin Ucrania y sin la UE\u201d, afirm\u00f3 en la red social X.<\/p>\n\n\n\n<p>El secretario general de la OTAN,&nbsp;<strong>Mark Rutte<\/strong>, dijo este jueves que era \u201ccrucial\u201d que Ucrania est\u00e9&nbsp;<strong>\u201cestrechamente involucrada\u201d&nbsp;<\/strong>en todo lo que la concierne.<\/p>\n\n\n\n<p>El jefe del gobierno de Alemania,&nbsp;<strong>Olaf Scholz<\/strong>, rechaz\u00f3 este jueves lo que denomin\u00f3 una&nbsp;<strong>\u201cpaz dictada\u201d<\/strong>, y dijo que los europeos deber\u00edan asegurarse ahora de que ello \u201cno ocurra\u201d.<\/p>\n\n\n\n<p>En la sede de la OTAN, el ministro alem\u00e1n de Defensa,&nbsp;<strong>Boris Pistorius<\/strong>, consider\u00f3<strong>&nbsp;\u201clamentable\u201d&nbsp;<\/strong>que Washington haya hecho ya&nbsp;<strong>\u201cconcesiones\u201d<\/strong>&nbsp;antes de que se instale formalmente la mesa de negociaciones. \u201cHabr\u00eda sido mejor hablar sobre la&nbsp;<strong>posible adhesi\u00f3n de Ucrania a la OTAN<\/strong>, o la&nbsp;<strong>posible p\u00e9rdida de territorio ucraniano<\/strong>&nbsp;en la mesa de negociaciones\u201d, agreg\u00f3 el ministro alem\u00e1n.<\/p>\n\n\n\n<p>El mi\u00e9rcoles, Hegseth hab\u00eda afirmado en la OTAN que un eventual proceso de paz debe comenzar por el reconocimiento de que un&nbsp;<strong>retorno a las fronteras de Ucrania de antes de 2014<\/strong>&nbsp;es&nbsp;<strong>\u201cun objetivo poco realista\u201d<\/strong>. Eso significa que Kiev deber\u00eda al menos&nbsp;<strong>renunciar a la pen\u00ednsula de Crimea<\/strong>, tomada y anexionada aquel a\u00f1o por Mosc\u00fa.<\/p>\n\n\n\n<figure class=\"wp-block-image\"><img decoding=\"async\" src=\"https:\/\/tn.com.ar\/resizer\/v2\/el-secretario-general-de-la-otan-mark-rutte-dijo-que-es-crucial-que-ucrania-este-estrechamente-involucrada-en-todo-lo-que-la-concierne-foto-reuters-Q35SKKU7BDPAJ7GGZIYHOYCOU4.jpg?auth=216db08dd6b8bde8e6f7e5dd52838ba2da9b8c58bb10fd98d9450ef7809bd6e1&amp;width=767\" alt=\"El secretario general de la OTAN, Mark Rutte, dijo que es \u201ccrucial\u201d que Ucrania est\u00e9 \u201cestrechamente involucrada\u201d en todo lo que la concierne. (Foto: Reuters)\"\/><figcaption class=\"wp-element-caption\">El secretario general de la OTAN, Mark Rutte, dijo que es \u201ccrucial\u201d que Ucrania est\u00e9 \u201cestrechamente involucrada\u201d en todo lo que la concierne. (Foto: Reuters)<\/figcaption><\/figure>\n\n\n\n<p>En tanto, el ministro franc\u00e9s de defensa,&nbsp;<strong>Sebastien Lecornu<\/strong>, dijo este jueves que ante esta situaci\u00f3n la OTAN se encontraba ante \u201cel gran momento de la verdad\u201d.<\/p>\n\n\n\n<p><strong>John Healey<\/strong>, ministro de Defensa del Reino Unido, coment\u00f3 que \u201cno puede haber negociaciones sobre Ucrania sin Ucrania\u201d.<\/p>\n\n\n\n<p>A su vez,&nbsp;<strong>Pal Johnson<\/strong>, ministro de defensa de Suecia, consider\u00f3 \u201cnatural\u201d que los pa\u00edses europeos \u201cest\u00e9n involucrados en las discusiones\u201d.<\/p>\n\n\n\n<p>El ministro ucraniano de defensa,&nbsp;<strong>Rustem Umerov<\/strong>, dijo en Bruselas que su pa\u00eds&nbsp;<strong>mantendr\u00e1 la resistencia<\/strong>&nbsp;al poder\u00edo ruso: \u201cEl mensaje es que continuaremos. Somos fuertes y capaces, y terminaremos por cumplir\u201d.<\/p>\n\n\n\n<p>El mi\u00e9rcoles, los ministros de Relaciones Exteriores de&nbsp;<strong>Francia, Alemania, Polonia, Italia, Espa\u00f1a y Reino Unido<\/strong>&nbsp;emitieron un comunicado donde&nbsp;<strong>defendieron su rol<\/strong>&nbsp;en las negociaciones.<\/p>\n\n\n\n<p>\u201c<strong>Ucrania y Europa deber\u00edan ser parte de cualquier negociaci\u00f3n<\/strong>. Es necesario dar a Ucrania fuertes garant\u00edas de seguridad, y una paz justa y duradera es una condici\u00f3n necesaria para una fuerte seguridad transatl\u00e1ntica, se\u00f1alaron.<\/p>\n\n\n\n<h2 class=\"wp-block-heading\">El acuerdo de Trump y Putin para poner fin a la guerra en Ucrania: la postura de China y el Kremlin<\/h2>\n\n\n\n<figure class=\"wp-block-image\"><img decoding=\"async\" src=\"https:\/\/tn.com.ar\/resizer\/v2\/el-presidente-de-china-xi-jinping-junto-a-vladimir-putin-foto-reuters-YTYZJEX7JHWLDDRFVAP3AGQ5FY.jpg?auth=82d3de0e80ed3fdc4b3534f84f96f8dd59b7a5101a795a01fd1b9af0ce64c344&amp;width=767\" alt=\"El presidente de China, Xi Jinping, junto a Vladimir Putin. (Foto: Reuters)\"\/><\/figure>\n\n\n\n<p>Fuera del continente y del \u00e1mbito de la OTAN,&nbsp;<strong>China&nbsp;<\/strong>expres\u00f3 este jueves su satisfacci\u00f3n de que EEUU y Rusia<strong>&nbsp;\u201crefuercen su comunicaci\u00f3n\u201d<\/strong>, ya que se trata de&nbsp;<strong>\u201cdos pa\u00edses muy influyentes\u201d<\/strong>.<\/p>\n\n\n\n<p>El portavoz de la canciller\u00eda china,&nbsp;<strong>Guo Jiakun<\/strong>, afirm\u00f3 el jueves que \u201cChina siempre ha cre\u00eddo que el&nbsp;<strong>di\u00e1logo y la negociaci\u00f3n<\/strong>&nbsp;son la&nbsp;<strong>\u00fanica forma viable de resolver la crisis<\/strong>&nbsp;(ucraniana) y siempre ha estado comprometida con la promoci\u00f3n de la paz\u201d.<\/p>\n\n\n\n<p>En Mosc\u00fa, el Kremlin expres\u00f3 su inter\u00e9s en que se organice&nbsp;<strong>\u201cr\u00e1pidamente\u201d<\/strong>&nbsp;un&nbsp;<strong>encuentro entre Trump y Putin<\/strong>, ya que los dos mandatarios&nbsp;<strong>\u201ctienen muchas cosas para decirse\u201d<\/strong>.<\/p>\n\n\n\n<p>El mi\u00e9rcoles,&nbsp;<strong>Trump mencion\u00f3 un posible encuentro con Putin en Arabia Saudita<\/strong>, pero no adelant\u00f3 una posible fecha.<\/p>\n","protected":false},"excerpt":{"rendered":"<p>El presidente de Ucrania y los integrantes de la OTAN cuestionaron el anuncio del primer mandatario estadounidense. El presidente de Ucrania,\u00a0Volodimir Zelenski, dijo este jueves que quisiera acordar con\u00a0Donald Trump\u00a0un&hellip; <\/p>\n","protected":false},"author":8,"featured_media":190474,"comment_status":"closed","ping_status":"open","sticky":false,"template":"","format":"standard","meta":{"footnotes":""},"categories":[11],"tags":[],"class_list":["post-190473","post","type-post","status-publish","format-standard","has-post-thumbnail","hentry","category-internacionales"],"_links":{"self":[{"href":"https:\/\/corrientesdetarde.com\/index.php\/wp-json\/wp\/v2\/posts\/190473","targetHints":{"allow":["GET"]}}],"collection":[{"href":"https:\/\/corrientesdetarde.com\/index.php\/wp-json\/wp\/v2\/posts"}],"about":[{"href":"https:\/\/corrientesdetarde.com\/index.php\/wp-json\/wp\/v2\/types\/post"}],"author":[{"embeddable":true,"href":"https:\/\/corrientesdetarde.com\/index.php\/wp-json\/wp\/v2\/users\/8"}],"replies":[{"embeddable":true,"href":"https:\/\/corrientesdetarde.com\/index.php\/wp-json\/wp\/v2\/comments?post=190473"}],"version-history":[{"count":1,"href":"https:\/\/corrientesdetarde.com\/index.php\/wp-json\/wp\/v2\/posts\/190473\/revisions"}],"predecessor-version":[{"id":190475,"href":"https:\/\/corrientesdetarde.com\/index.php\/wp-json\/wp\/v2\/posts\/190473\/revisions\/190475"}],"wp:featuredmedia":[{"embeddable":true,"href":"https:\/\/corrientesdetarde.com\/index.php\/wp-json\/wp\/v2\/media\/190474"}],"wp:attachment":[{"href":"https:\/\/corrientesdetarde.com\/index.php\/wp-json\/wp\/v2\/media?parent=190473"}],"wp:term":[{"taxonomy":"category","embeddable":true,"href":"https:\/\/corrientesdetarde.com\/index.php\/wp-json\/wp\/v2\/categories?post=190473"},{"taxonomy":"post_tag","embeddable":true,"href":"https:\/\/corrientesdetarde.com\/index.php\/wp-json\/wp\/v2\/tags?post=190473"}],"curies":[{"name":"wp","href":"https:\/\/api.w.org\/{rel}","templated":true}]}}