{"id":190479,"date":"2025-02-13T14:34:05","date_gmt":"2025-02-13T17:34:05","guid":{"rendered":"https:\/\/corrientesdetarde.com\/?p=190479"},"modified":"2025-02-13T14:34:17","modified_gmt":"2025-02-13T17:34:17","slug":"mala-noticia-para-boca-edinson-cavani-tiene-una-lesion-en-la-espalda-y-se-perdera-el-debut-en-la-libertadores","status":"publish","type":"post","link":"https:\/\/corrientesdetarde.com\/index.php\/deportes\/mala-noticia-para-boca-edinson-cavani-tiene-una-lesion-en-la-espalda-y-se-perdera-el-debut-en-la-libertadores\/","title":{"rendered":"Mala noticia para Boca: Edinson Cavani tiene una lesi\u00f3n en la espalda y se perder\u00e1 el debut en la Libertadores"},"content":{"rendered":"\n<p>El uruguayo es una de las piezas clave del equipo de Fernando Gago.<\/p>\n\n\n\n<p><strong>Boca<\/strong>\u00a0sigue sumando malas noticias en cuanto a las lesiones. En este caso,\u00a0<strong>Edinson Cavani tiene molestias en la espalda<\/strong>\u00a0y ser\u00e1 baja para los partidos del pr\u00f3ximo viernes ante Banfield y\u00a0<strong>en el debut de la Copa Libertadores, ante Alianza Lima.<\/strong><\/p>\n\n\n\n<p><strong>La lesi\u00f3n del uruguayo no es de gravedad, pero requiere cuidado.<\/strong>&nbsp;M\u00e1s all\u00e1 de los dos partidos que se perder\u00e1,&nbsp;<strong>desde el departamento m\u00e9dico no est\u00e1n seguros de cu\u00e1ndo volver\u00e1 a jugar&nbsp;<\/strong>y no quieren apurar su evoluci\u00f3n.<\/p>\n\n\n\n<p>La baja de Cavani se le suma a la de Ander Herrera, uno de los grandes refuerzos, que tampoco podr\u00e1 estar en el comienzo del torneo internacional.<\/p>\n\n\n\n<figure class=\"wp-block-image\"><img decoding=\"async\" src=\"https:\/\/tn.com.ar\/resizer\/v2\/edinson-cavani-tiene-molestias-en-la-espalda-y-sera-baja-para-los-partidos-del-proximo-viernes-ante-banfield-y-en-el-debut-de-la-copa-libertadores-ante-alianza-lima-foto-ap-E5LDTH5Q4NAY5OWOAYS5VIGGAU.jpg?auth=db431fa886e7d94d8ee809c6b2b5b155cfd653e02725973013e85abbe9e0083c&amp;width=767\" alt=\"Edinson Cavani tiene molestias en la espalda y ser\u00e1 baja para los partidos del pr\u00f3ximo viernes ante Banfield y en el debut de la Copa Libertadores, ante Alianza Lima. (Foto: AP)\"\/><\/figure>\n\n\n\n<p>Si bien faltan algunos d\u00edas para el choque ante los peruanos,&nbsp;<strong>Milton Gim\u00e9nez se presenta como el candidato ideal para cubrir el espacio de centrodelantero<\/strong>&nbsp;en lugar de Cavani. La otra opci\u00f3n es que ingrese el Changuito Zeballos y Miguel Merentiel ocupe el puesto del goleador.<\/p>\n\n\n\n<p>Boca se enfrentar\u00e1 ma\u00f1ana viernes a Banfield en un partido cargado de pol\u00e9mica, luego de que el presidente del Taladro denunciara de manera p\u00fablica que lo est\u00e1n perjudicando los arbitrajes.<strong>&nbsp;El duelo en el estadio Florencio Sola no ser\u00e1 uno m\u00e1s para el Xeneize, que necesita ganar para seguir prendido en la tabla.<\/strong><\/p>\n\n\n\n<p>En tanto, el pr\u00f3ximo martes ser\u00e1 el debut en la fase eliminatoria de la Copa Libertadores, en donde se enfrentar\u00e1 a Alianza Lima, que dej\u00f3 en el camino a Nacional de Paraguay.<\/p>\n\n\n\n<figure class=\"wp-block-image\"><img decoding=\"async\" src=\"https:\/\/tn.com.ar\/resizer\/v2\/milton-gimenez-podria-ocupar-el-lugar-de-edinson-cavani-en-los-proximos-partidos-foto-reuters-LICDV5O23VFLFLGIRTIEXTDP7E.jpg?auth=bce59db438c8f250462526acb69f9ffae7da1a8158f0f4256812637a128341ee&amp;width=767\" alt=\"Milton Gim\u00e9nez podr\u00eda ocupar el lugar de Edinson Cavani en los pr\u00f3ximos partidos. (Foto: Reuters)\"\/><\/figure>\n\n\n\n<p>Los&nbsp;<strong>Blanquiazules<\/strong>&nbsp;son uno de los equipos m\u00e1s emblem\u00e1ticos de Per\u00fa y un actor habitual de la Copa Libertadores en donde ya suma 30 participaciones. Sin embargo, nunca pudo consagrarse campe\u00f3n.<\/p>\n\n\n\n<p><strong>La llegada de Pipo Gorosito como DT y la incorporaci\u00f3n de algunas figuras<\/strong>&nbsp;lo hacen un equipo muy duro y ya se prev\u00e9 un partido dif\u00edcil para el Xeneize, que a\u00fan est\u00e1 en etapa de formaci\u00f3n.<\/p>\n","protected":false},"excerpt":{"rendered":"<p>El uruguayo es una de las piezas clave del equipo de Fernando Gago. Boca\u00a0sigue sumando malas noticias en cuanto a las lesiones. En este caso,\u00a0Edinson Cavani tiene molestias en la&hellip; <\/p>\n","protected":false},"author":8,"featured_media":190480,"comment_status":"closed","ping_status":"open","sticky":false,"template":"","format":"standard","meta":{"footnotes":""},"categories":[4],"tags":[],"class_list":["post-190479","post","type-post","status-publish","format-standard","has-post-thumbnail","hentry","category-deportes"],"_links":{"self":[{"href":"https:\/\/corrientesdetarde.com\/index.php\/wp-json\/wp\/v2\/posts\/190479","targetHints":{"allow":["GET"]}}],"collection":[{"href":"https:\/\/corrientesdetarde.com\/index.php\/wp-json\/wp\/v2\/posts"}],"about":[{"href":"https:\/\/corrientesdetarde.com\/index.php\/wp-json\/wp\/v2\/types\/post"}],"author":[{"embeddable":true,"href":"https:\/\/corrientesdetarde.com\/index.php\/wp-json\/wp\/v2\/users\/8"}],"replies":[{"embeddable":true,"href":"https:\/\/corrientesdetarde.com\/index.php\/wp-json\/wp\/v2\/comments?post=190479"}],"version-history":[{"count":1,"href":"https:\/\/corrientesdetarde.com\/index.php\/wp-json\/wp\/v2\/posts\/190479\/revisions"}],"predecessor-version":[{"id":190481,"href":"https:\/\/corrientesdetarde.com\/index.php\/wp-json\/wp\/v2\/posts\/190479\/revisions\/190481"}],"wp:featuredmedia":[{"embeddable":true,"href":"https:\/\/corrientesdetarde.com\/index.php\/wp-json\/wp\/v2\/media\/190480"}],"wp:attachment":[{"href":"https:\/\/corrientesdetarde.com\/index.php\/wp-json\/wp\/v2\/media?parent=190479"}],"wp:term":[{"taxonomy":"category","embeddable":true,"href":"https:\/\/corrientesdetarde.com\/index.php\/wp-json\/wp\/v2\/categories?post=190479"},{"taxonomy":"post_tag","embeddable":true,"href":"https:\/\/corrientesdetarde.com\/index.php\/wp-json\/wp\/v2\/tags?post=190479"}],"curies":[{"name":"wp","href":"https:\/\/api.w.org\/{rel}","templated":true}]}}