{"id":190488,"date":"2025-02-13T15:16:01","date_gmt":"2025-02-13T18:16:01","guid":{"rendered":"https:\/\/corrientesdetarde.com\/?p=190488"},"modified":"2025-02-13T15:16:06","modified_gmt":"2025-02-13T18:16:06","slug":"hablo-el-joven-que-fue-tragado-por-una-ballena-jorobada-no-entendia-que-estaba-pasando","status":"publish","type":"post","link":"https:\/\/corrientesdetarde.com\/index.php\/internacionales\/hablo-el-joven-que-fue-tragado-por-una-ballena-jorobada-no-entendia-que-estaba-pasando\/","title":{"rendered":"Habl\u00f3 el joven que fue tragado por una ballena jorobada: \u201cNo entend\u00eda que estaba pasando\u201d"},"content":{"rendered":"\n<p>A horas del incidente, Adri\u00e1n Simancas habl\u00f3 con la prensa sobre lo ocurrido.<\/p>\n\n\n\n<p>En las \u00faltimas horas, se viraliz\u00f3 un video en el que\u00a0<strong>una ballena jorobada se trag\u00f3 a un joven<\/strong>\u00a0que hac\u00eda packraft junto a su padre en el Estrecho de Magallanes. El incidente ocurri\u00f3 en la regi\u00f3n de\u00a0<strong>Punta Arenas<\/strong>,\u00a0<strong>Chile<\/strong>, cerca del\u00a0<strong>Faro San Isidro\u00a0<\/strong>y a metros de la\u00a0<strong>Bah\u00eda El \u00c1guila<\/strong>.<\/p>\n\n\n\n<p>A pesar del mal momento, el animal<strong>&nbsp;expuls\u00f3 a la v\u00edctima&nbsp;<\/strong>a los pocos segundos.&nbsp;<strong>Adri\u00e1n Simancas<\/strong>&nbsp;fue el protagonista de la impactante grabaci\u00f3n y a las pocas horas del incidente,&nbsp;<strong>habl\u00f3 con la prensa sobre lo ocurrido<\/strong>.<\/p>\n\n\n\n<figure class=\"wp-block-image\"><img decoding=\"async\" src=\"https:\/\/tn.com.ar\/resizer\/v2\/https%3A%2F%2Fthumbs.vodgc.net%2F1-14-B7qSe41739439654009-1739439729.jpg?auth=d835fa05dcd8e2c120609e827737930cc7267aa48346a38e53b697d8cf54da3e&amp;width=767\" alt=\"Video Placeholder\"\/><\/figure>\n\n\n\n<p><\/p>\n\n\n\n<p>\u201cSiento algo como azul y blanco que me pasa cerca de la cara y est\u00e1 como por un lado y por encima&#8230;&nbsp;<strong>No entend\u00eda qu\u00e9 estaba pasando y entonces me hundo&#8230; pens\u00e9 que me hab\u00eda comido<\/strong>\u201d, relat\u00f3 el joven en&nbsp;<em>TVN<\/em>&nbsp;de Chile.<\/p>\n\n\n\n<p><strong>Dell Simancas<\/strong>, su pap\u00e1, fue quien film\u00f3 el hecho y tambi\u00e9n expres\u00f3 qu\u00e9 sinti\u00f3 al ver la dram\u00e1tica situaci\u00f3n: \u201c<strong>No vi a Adri\u00e1n por tres segundos y me asust\u00e9. Cuando volteo no veo nada<\/strong>. Ese fue el \u00fanico momento de susto que tuve, porque no lo vi como por tres segundos y&nbsp;<strong>de repente sale disparado<\/strong>\u201d.<\/p>\n\n\n\n<figure class=\"wp-block-image\"><img decoding=\"async\" src=\"https:\/\/tn.com.ar\/resizer\/v2\/adrian-no-sufrio-heridas-a-pesar-de-la-gravedad-del-hecho-captura-xmundoeconflicto-WQQFNDZMR5BUBP5ZVEOFCYJBX4.jpg?auth=010f106e9f9a713ef3d71f53684c72feef57072b70187be3927b32af8bee9a53&amp;width=767\" alt=\"Adri\u00e1n no sufri\u00f3 heridas a pesar de la gravedad del hecho. (Captura: X\/@MundoEConflicto)\"\/><\/figure>\n\n\n\n<p>En el video, se puede ver el momento en el que una ballena emergi\u00f3 a la superficie, abri\u00f3 la boca y&nbsp;<strong>se trag\u00f3 tanto al joven como a la peque\u00f1a embarcaci\u00f3n inflable<\/strong>&nbsp;en la que se transportaba.<\/p>\n\n\n\n<p>Aunque fue expulsado con violencia por el animal,<strong>&nbsp;Adri\u00e1n no sufri\u00f3 heridas<\/strong>&nbsp;y pudo mantenerse a flote agarrado del inflable. Despu\u00e9s del hecho, ambos explicaron que el&nbsp;<strong>viento&nbsp;<\/strong>y&nbsp;<strong>las corrientes mar\u00edtimas se intensificaron<\/strong>, raz\u00f3n que los llev\u00f3 a&nbsp;<strong>suspender la traves\u00eda<\/strong>.<\/p>\n","protected":false},"excerpt":{"rendered":"<p>A horas del incidente, Adri\u00e1n Simancas habl\u00f3 con la prensa sobre lo ocurrido. En las \u00faltimas horas, se viraliz\u00f3 un video en el que\u00a0una ballena jorobada se trag\u00f3 a un&hellip; <\/p>\n","protected":false},"author":8,"featured_media":190489,"comment_status":"closed","ping_status":"open","sticky":false,"template":"","format":"standard","meta":{"footnotes":""},"categories":[11],"tags":[],"class_list":["post-190488","post","type-post","status-publish","format-standard","has-post-thumbnail","hentry","category-internacionales"],"_links":{"self":[{"href":"https:\/\/corrientesdetarde.com\/index.php\/wp-json\/wp\/v2\/posts\/190488","targetHints":{"allow":["GET"]}}],"collection":[{"href":"https:\/\/corrientesdetarde.com\/index.php\/wp-json\/wp\/v2\/posts"}],"about":[{"href":"https:\/\/corrientesdetarde.com\/index.php\/wp-json\/wp\/v2\/types\/post"}],"author":[{"embeddable":true,"href":"https:\/\/corrientesdetarde.com\/index.php\/wp-json\/wp\/v2\/users\/8"}],"replies":[{"embeddable":true,"href":"https:\/\/corrientesdetarde.com\/index.php\/wp-json\/wp\/v2\/comments?post=190488"}],"version-history":[{"count":1,"href":"https:\/\/corrientesdetarde.com\/index.php\/wp-json\/wp\/v2\/posts\/190488\/revisions"}],"predecessor-version":[{"id":190490,"href":"https:\/\/corrientesdetarde.com\/index.php\/wp-json\/wp\/v2\/posts\/190488\/revisions\/190490"}],"wp:featuredmedia":[{"embeddable":true,"href":"https:\/\/corrientesdetarde.com\/index.php\/wp-json\/wp\/v2\/media\/190489"}],"wp:attachment":[{"href":"https:\/\/corrientesdetarde.com\/index.php\/wp-json\/wp\/v2\/media?parent=190488"}],"wp:term":[{"taxonomy":"category","embeddable":true,"href":"https:\/\/corrientesdetarde.com\/index.php\/wp-json\/wp\/v2\/categories?post=190488"},{"taxonomy":"post_tag","embeddable":true,"href":"https:\/\/corrientesdetarde.com\/index.php\/wp-json\/wp\/v2\/tags?post=190488"}],"curies":[{"name":"wp","href":"https:\/\/api.w.org\/{rel}","templated":true}]}}