{"id":190491,"date":"2025-02-13T15:21:53","date_gmt":"2025-02-13T18:21:53","guid":{"rendered":"https:\/\/corrientesdetarde.com\/?p=190491"},"modified":"2025-02-13T15:21:58","modified_gmt":"2025-02-13T18:21:58","slug":"atento-franco-colapinto-la-noticia-que-anuncio-alpine-que-revoluciono-la-formula-1","status":"publish","type":"post","link":"https:\/\/corrientesdetarde.com\/index.php\/deportes\/atento-franco-colapinto-la-noticia-que-anuncio-alpine-que-revoluciono-la-formula-1\/","title":{"rendered":"Atento Franco Colapinto: la noticia que anunci\u00f3 Alpine que revolucion\u00f3 la F\u00f3rmula 1"},"content":{"rendered":"\n<p>La escuder\u00eda hizo oficial el regreso de una empresa a la m\u00e1xima categor\u00eda del automovilismo despu\u00e9s de m\u00e1s de veinte a\u00f1os. \u201cEs un honor\u201d, dijo Briatore.<\/p>\n\n\n\n<p>Llegaron las buenas noticias para\u00a0<strong>Franco Colapinto<\/strong> porque\u00a0<strong>Alpine<\/strong>\u00a0hizo oficial el regreso de Eni a la\u00a0<strong>F\u00f3rmula 1<\/strong>. La empresa energ\u00e9tica italiana regresa a la m\u00e1xima categor\u00eda del automovilismo despu\u00e9s de m\u00e1s de veinte a\u00f1os. En esta asociaci\u00f3n, ambas empresas trabajar\u00e1n en el desarrollo de nuevos biocombustibles. El patrocinador ser\u00e1 visible en el nuevo A525, as\u00ed como en el equipo y en los cascos de los pilotos\u00a0<strong>Pierre Gasly<\/strong>\u00a0y\u00a0<strong>Jack Doohan<\/strong>.<\/p>\n\n\n\n<p><strong>Flavio Briatore<\/strong>, asesor de Alpine, est\u00e1 entusiasmado con el regreso de esta marca hist\u00f3rica.&nbsp;<strong>\u201cEs un honor dar la bienvenida a Eni de nuevo en la F\u00f3rmula 1. Compartimos objetivos comunes en t\u00e9rminos de eficiencia energ\u00e9tica y sostenibilidad. Esperamos lograr grandes cosas juntos, tanto en la pista como fuera de ella<\/strong>\u201d, escribi\u00f3 en su cuenta de Instagram.<\/p>\n\n\n\n<p>Eni se convirti\u00f3 en el proveedor oficial de combustible y lubricantes de Ferrari en la d\u00e9cada de 1970. Durante esa etapa, la marca ayud\u00f3 a la escuder\u00eda a ganar varios t\u00edtulos mundiales. En 1990, inici\u00f3 una colaboraci\u00f3n con Benetton, antes de que el gigante se retirara de la F\u00f3rmula 1 en 2000.<\/p>\n\n\n\n<figure class=\"wp-block-image\"><img decoding=\"async\" src=\"https:\/\/tn.com.ar\/resizer\/v2\/el-piloto-argentino-no-correra-en-espana-foto-alpinef1teamtwitter-EWXXFXL4NBE3HKA66LXGXTCGFA.jfif?auth=57ac2b4184d19e93055c2ea90c3de9b4ea6738bc59f2c75e4353f3a6b3dec403&amp;width=767\" alt=\"El piloto argentino no correr\u00e1 en Espa\u00f1a. (Foto: @AlpineF1team\/Twitter)\"\/><\/figure>\n\n\n\n<h2 class=\"wp-block-heading\">Franco Colapinto no correr\u00e1 en el circuito de Jerez de la Frontera<\/h2>\n\n\n\n<p>Seg\u00fan la informaci\u00f3n de&nbsp;<em>Motosport,<\/em>&nbsp;<strong>Gasly<\/strong>&nbsp;y&nbsp;<strong>Doohan&nbsp;<\/strong>trabajar\u00e1n con Pirelli en lo que ser\u00e1n unos entrenamientos enfocados en continuar con el desarrollo de los&nbsp;<strong>neum\u00e1ticos&nbsp;<\/strong>que usar\u00e1n a partir de la temporada&nbsp;<strong>2026<\/strong>, que ser\u00e1n m\u00e1s angostos (25 mm delante y 30 mm detr\u00e1s y de menor di\u00e1metro, de 720 mm a 705 mm, 710 mm delante y detr\u00e1s).<\/p>\n\n\n\n<h2 class=\"wp-block-heading\">Cu\u00e1ndo volver\u00e1n las pruebas de neum\u00e1ticos en Alpine<\/h2>\n\n\n\n<p>Continuar\u00e1n el<strong>&nbsp;2 y 3 de marzo<\/strong>&nbsp;en el circuito de&nbsp;<strong>Sakhir<\/strong>, en&nbsp;<strong>Bahrein<\/strong>, donde la escuder\u00eda francesa estar\u00e1 nuevamente en pista, acompa\u00f1ado por Williams.<\/p>\n\n\n\n<p>Los equipos de la F\u00f3rmula 1 deber\u00e1n presentar sus autos modificados cuando realizan los entrenamientos con Pirelli con vistas a la temporada 2026 para ayudar al fabricante italiano a acercar su rendimiento al nuevo reglamento de la m\u00e1xima categor\u00eda que entrar\u00e1 en vigencia en 2026.<\/p>\n","protected":false},"excerpt":{"rendered":"<p>La escuder\u00eda hizo oficial el regreso de una empresa a la m\u00e1xima categor\u00eda del automovilismo despu\u00e9s de m\u00e1s de veinte a\u00f1os. \u201cEs un honor\u201d, dijo Briatore. Llegaron las buenas noticias&hellip; <\/p>\n","protected":false},"author":8,"featured_media":190492,"comment_status":"closed","ping_status":"open","sticky":false,"template":"","format":"standard","meta":{"footnotes":""},"categories":[4],"tags":[],"class_list":["post-190491","post","type-post","status-publish","format-standard","has-post-thumbnail","hentry","category-deportes"],"_links":{"self":[{"href":"https:\/\/corrientesdetarde.com\/index.php\/wp-json\/wp\/v2\/posts\/190491","targetHints":{"allow":["GET"]}}],"collection":[{"href":"https:\/\/corrientesdetarde.com\/index.php\/wp-json\/wp\/v2\/posts"}],"about":[{"href":"https:\/\/corrientesdetarde.com\/index.php\/wp-json\/wp\/v2\/types\/post"}],"author":[{"embeddable":true,"href":"https:\/\/corrientesdetarde.com\/index.php\/wp-json\/wp\/v2\/users\/8"}],"replies":[{"embeddable":true,"href":"https:\/\/corrientesdetarde.com\/index.php\/wp-json\/wp\/v2\/comments?post=190491"}],"version-history":[{"count":1,"href":"https:\/\/corrientesdetarde.com\/index.php\/wp-json\/wp\/v2\/posts\/190491\/revisions"}],"predecessor-version":[{"id":190493,"href":"https:\/\/corrientesdetarde.com\/index.php\/wp-json\/wp\/v2\/posts\/190491\/revisions\/190493"}],"wp:featuredmedia":[{"embeddable":true,"href":"https:\/\/corrientesdetarde.com\/index.php\/wp-json\/wp\/v2\/media\/190492"}],"wp:attachment":[{"href":"https:\/\/corrientesdetarde.com\/index.php\/wp-json\/wp\/v2\/media?parent=190491"}],"wp:term":[{"taxonomy":"category","embeddable":true,"href":"https:\/\/corrientesdetarde.com\/index.php\/wp-json\/wp\/v2\/categories?post=190491"},{"taxonomy":"post_tag","embeddable":true,"href":"https:\/\/corrientesdetarde.com\/index.php\/wp-json\/wp\/v2\/tags?post=190491"}],"curies":[{"name":"wp","href":"https:\/\/api.w.org\/{rel}","templated":true}]}}