{"id":190552,"date":"2025-02-13T22:04:37","date_gmt":"2025-02-14T01:04:37","guid":{"rendered":"https:\/\/corrientesdetarde.com\/?p=190552"},"modified":"2025-02-13T22:04:41","modified_gmt":"2025-02-14T01:04:41","slug":"corrientes-sobresale-como-la-provincia-con-mas-produccion-de-arroz","status":"publish","type":"post","link":"https:\/\/corrientesdetarde.com\/index.php\/economia\/corrientes-sobresale-como-la-provincia-con-mas-produccion-de-arroz\/","title":{"rendered":"Corrientes sobresale como la provincia con m\u00e1s producci\u00f3n de arroz"},"content":{"rendered":"\n<p>La jornada de apertura de la cosecha de arroz, realizada en Mercedes, sirvi\u00f3 para la difusi\u00f3n de datos que ubican a la provincia como la m\u00e1s destacada en este aspecto.<\/p>\n\n\n\n<p>Los pron\u00f3sticos de rindes son extraordinarios luego de que se produjera una siembra r\u00e9cord de 110.000 hect\u00e1reas en la provincia, de acuerdo con datos informados en la jornada de apertura de la cosecha de arroz, realizada en la planta de COPRA, en Mercedes. De esta forma, Corrientes se afianza como &nbsp;la primera provincia productora de mencionado cereal en el pa\u00eds.<\/p>\n\n\n\n<p>El Vicegobernador de la provincia Pedro Braillard Poccard, el Ministro de Producci\u00f3n, Ingeniero Claudio Anselmo, y el Ministro de Justicia, Juan Jos\u00e9 L\u00f3pez Desimoni fueron los representantes de Corrientes en mencionado evento. Asimismo, por parte del Ministerio de Producci\u00f3n, participaron el subsecretario de Producci\u00f3n, Licenciado Juan Manuel Pomar, el director de Producci\u00f3n Animal, Eduardo Ort\u00edz, y un importante n\u00famero de productores, adem\u00e1s de funcionarios nacionales.<\/p>\n\n\n\n<p>El Ministro de Producci\u00f3n, Andeslmo, declar\u00f3 en este contexto que &#8220;pese a las altas temperaturas de las \u00faltimas dos semanas, que afectaron algunas zonas, la cosecha viene desarroll\u00e1ndose con muy buenos rendimientos, lo que permite prever una producci\u00f3n hist\u00f3rica para el sector.Corrientes se consolida como la principal provincia productora, representando el 48% de la superficie cultivada y con perspectivas de un porcentaje a\u00fan mayor en producci\u00f3n, gracias a mejores rindes en algunas \u00e1reas&#8221;.<\/p>\n\n\n\n<p>El funcionario tambi\u00e9n aprovech\u00f3 la ocasi\u00f3n para agradecer al Gobernador, Gustavo Vald\u00e9s, por su contin\u00fao apoyo a la industria arrocera con inversiones de log\u00edstica, infraestructura y caminos rurales para fortalecer la competitividad del sector: &#8220;Nuestros productores son muy eficientes, y trabajamos para que no pierdan esa eficiencia en los costos de log\u00edstica&#8221;.<\/p>\n\n\n\n<p>Durante esta jornada, tambi\u00e9n se present\u00f3 un trabajo articulado entre el sector privado, el Estado provincial y el INTA sobre nuevas variedades de arroz. La provincia mantiene 15 convenios vigentes con el organismo, colaborando en el desarrollo de diferentes planes productivos.<\/p>\n\n\n\n<p>El siguiente desaf\u00edo est\u00e1 centrado en la comercializaci\u00f3n del producto, seg\u00fan destac\u00f3 Anselmo: &#8220;Brasil, que produce diez veces m\u00e1s arroz que Argentina, es un gran consumidor, pero tambi\u00e9n debemos diversificar nuestros destinos. Hoy exportamos a Espa\u00f1a, Chile, Turqu\u00eda y pa\u00edses de Centroam\u00e9rica, y la clave es ser proveedores confiables&#8221;.<\/p>\n","protected":false},"excerpt":{"rendered":"<p>La jornada de apertura de la cosecha de arroz, realizada en Mercedes, sirvi\u00f3 para la difusi\u00f3n de datos que ubican a la provincia como la m\u00e1s destacada en este aspecto.&hellip; <\/p>\n","protected":false},"author":4,"featured_media":190553,"comment_status":"closed","ping_status":"open","sticky":false,"template":"","format":"standard","meta":{"footnotes":""},"categories":[20],"tags":[],"class_list":["post-190552","post","type-post","status-publish","format-standard","has-post-thumbnail","hentry","category-economia"],"_links":{"self":[{"href":"https:\/\/corrientesdetarde.com\/index.php\/wp-json\/wp\/v2\/posts\/190552","targetHints":{"allow":["GET"]}}],"collection":[{"href":"https:\/\/corrientesdetarde.com\/index.php\/wp-json\/wp\/v2\/posts"}],"about":[{"href":"https:\/\/corrientesdetarde.com\/index.php\/wp-json\/wp\/v2\/types\/post"}],"author":[{"embeddable":true,"href":"https:\/\/corrientesdetarde.com\/index.php\/wp-json\/wp\/v2\/users\/4"}],"replies":[{"embeddable":true,"href":"https:\/\/corrientesdetarde.com\/index.php\/wp-json\/wp\/v2\/comments?post=190552"}],"version-history":[{"count":1,"href":"https:\/\/corrientesdetarde.com\/index.php\/wp-json\/wp\/v2\/posts\/190552\/revisions"}],"predecessor-version":[{"id":190554,"href":"https:\/\/corrientesdetarde.com\/index.php\/wp-json\/wp\/v2\/posts\/190552\/revisions\/190554"}],"wp:featuredmedia":[{"embeddable":true,"href":"https:\/\/corrientesdetarde.com\/index.php\/wp-json\/wp\/v2\/media\/190553"}],"wp:attachment":[{"href":"https:\/\/corrientesdetarde.com\/index.php\/wp-json\/wp\/v2\/media?parent=190552"}],"wp:term":[{"taxonomy":"category","embeddable":true,"href":"https:\/\/corrientesdetarde.com\/index.php\/wp-json\/wp\/v2\/categories?post=190552"},{"taxonomy":"post_tag","embeddable":true,"href":"https:\/\/corrientesdetarde.com\/index.php\/wp-json\/wp\/v2\/tags?post=190552"}],"curies":[{"name":"wp","href":"https:\/\/api.w.org\/{rel}","templated":true}]}}