{"id":190566,"date":"2025-02-13T22:33:21","date_gmt":"2025-02-14T01:33:21","guid":{"rendered":"https:\/\/corrientesdetarde.com\/?p=190566"},"modified":"2025-02-13T22:33:33","modified_gmt":"2025-02-14T01:33:33","slug":"intendente-correntino-esta-internado-en-el-hospital-de-campana","status":"publish","type":"post","link":"https:\/\/corrientesdetarde.com\/index.php\/destacados\/intendente-correntino-esta-internado-en-el-hospital-de-campana\/","title":{"rendered":"Intendente correntino est\u00e1 internado en el Hospital de Campa\u00f1a"},"content":{"rendered":"\n<p>En las \u00faltimas horas desde la Municipalidad de La Cruz informaron que el intendente de esa localidad Carlos Fagundez, se encuentra internado en el Hospital de Campa\u00f1a. No especificaron el problema de salud que atraviesa el jefe comunal pero destacaron que se encuentra acompa\u00f1ado de sus familiares recibiendo la atenci\u00f3n adecuada para tratar su afecci\u00f3n.&nbsp;<\/p>\n\n\n\n<p>El informe emitido por el Municipo de La Cruz indica:<\/p>\n\n\n\n<p><em>&#8220;Informamos a toda la comunidad, que el se\u00f1or intendente Carlos Emir Fagundez se encuentra internado en la Ciudad de Corrientes Capital, en el hospital de Campa\u00f1a. Acompa\u00f1ado de sus familiares y con la atenci\u00f3n m\u00e9dica especializada que su cuadro de salud amerita.<\/em><\/p>\n\n\n\n<p><em>Agradecemos a toda la comunidad por el apoyo recibido, las oraciones y los deseos de pronta recuperaci\u00f3n. Las novedades sobre su evoluci\u00f3n de salud ser\u00e1n comunicadas por los medios oficiales del municipio de La Cruz Corrientes&#8221;<\/em><\/p>\n","protected":false},"excerpt":{"rendered":"<p>En las \u00faltimas horas desde la Municipalidad de La Cruz informaron que el intendente de esa localidad Carlos Fagundez, se encuentra internado en el Hospital de Campa\u00f1a. No especificaron el&hellip; <\/p>\n","protected":false},"author":4,"featured_media":190567,"comment_status":"closed","ping_status":"open","sticky":false,"template":"","format":"standard","meta":{"footnotes":""},"categories":[26],"tags":[],"class_list":["post-190566","post","type-post","status-publish","format-standard","has-post-thumbnail","hentry","category-destacados"],"_links":{"self":[{"href":"https:\/\/corrientesdetarde.com\/index.php\/wp-json\/wp\/v2\/posts\/190566","targetHints":{"allow":["GET"]}}],"collection":[{"href":"https:\/\/corrientesdetarde.com\/index.php\/wp-json\/wp\/v2\/posts"}],"about":[{"href":"https:\/\/corrientesdetarde.com\/index.php\/wp-json\/wp\/v2\/types\/post"}],"author":[{"embeddable":true,"href":"https:\/\/corrientesdetarde.com\/index.php\/wp-json\/wp\/v2\/users\/4"}],"replies":[{"embeddable":true,"href":"https:\/\/corrientesdetarde.com\/index.php\/wp-json\/wp\/v2\/comments?post=190566"}],"version-history":[{"count":2,"href":"https:\/\/corrientesdetarde.com\/index.php\/wp-json\/wp\/v2\/posts\/190566\/revisions"}],"predecessor-version":[{"id":190572,"href":"https:\/\/corrientesdetarde.com\/index.php\/wp-json\/wp\/v2\/posts\/190566\/revisions\/190572"}],"wp:featuredmedia":[{"embeddable":true,"href":"https:\/\/corrientesdetarde.com\/index.php\/wp-json\/wp\/v2\/media\/190567"}],"wp:attachment":[{"href":"https:\/\/corrientesdetarde.com\/index.php\/wp-json\/wp\/v2\/media?parent=190566"}],"wp:term":[{"taxonomy":"category","embeddable":true,"href":"https:\/\/corrientesdetarde.com\/index.php\/wp-json\/wp\/v2\/categories?post=190566"},{"taxonomy":"post_tag","embeddable":true,"href":"https:\/\/corrientesdetarde.com\/index.php\/wp-json\/wp\/v2\/tags?post=190566"}],"curies":[{"name":"wp","href":"https:\/\/api.w.org\/{rel}","templated":true}]}}