{"id":190805,"date":"2025-02-15T11:03:21","date_gmt":"2025-02-15T14:03:21","guid":{"rendered":"https:\/\/corrientesdetarde.com\/?p=190805"},"modified":"2025-02-15T11:03:33","modified_gmt":"2025-02-15T14:03:33","slug":"tres-nenas-murieron-tras-comer-pan-envenenado-sus-vecinos-lo-habian-dejado-en-la-vereda-para-los-perros","status":"publish","type":"post","link":"https:\/\/corrientesdetarde.com\/index.php\/internacionales\/tres-nenas-murieron-tras-comer-pan-envenenado-sus-vecinos-lo-habian-dejado-en-la-vereda-para-los-perros\/","title":{"rendered":"Tres nenas murieron tras comer pan envenenado: sus vecinos lo hab\u00edan dejado en la vereda para los perros"},"content":{"rendered":"\n<h2 class=\"wp-block-heading\"><strong>Los acusados de envenenarlas declararon que se hab\u00edan puesto de acuerdo para eliminar a los animales de la calle, ya que los consideran un problema de salud p\u00fablica.<\/strong><\/h2>\n\n\n\n<p><strong>Tres nenas murieron intoxicadas luego de comer pan envenenado en la v\u00eda p\u00fablica<\/strong>. Los vecinos de la zona&nbsp;<strong>hab\u00edan colocado el t\u00f3xico en el alimento para terminar con los perros callejeros<\/strong>, pero quedaron al alcance de la mano y sin ninguna se\u00f1alizaci\u00f3n.<\/p>\n\n\n\n<p>El lamentable episodio ocurri\u00f3 en Chiapas, un estado del sur de M\u00e9xico. Las menores&nbsp;<strong>empezaron con s\u00edntomas horas despu\u00e9s de ingerir el pan<\/strong>, por lo que volvieron a sus casas. Sus familiares las asistieron pero no hubo nada que hacer y&nbsp;<strong>finalmente murieron este jueves<\/strong>.<\/p>\n\n\n\n<p>Seg\u00fan inform\u00f3 la Fiscal\u00eda General del Estado (FGE) el dram\u00e1tico suceso tuvo lugar en la comunidad de San Cayetano, municipio de El Bosque.&nbsp;<strong>Los vecinos explicaron que se hab\u00edan puesto de acuerdo para eliminar a los perros callejeros<\/strong>, ya que los consideran un problema de salud p\u00fablica. Por eso, durante la noche del mi\u00e9rcoles,&nbsp;<strong>colocaron \u201cuna sustancia t\u00f3xica en alimentos\u201d<\/strong>.<\/p>\n\n\n\n<figure class=\"wp-block-image\"><img decoding=\"async\" src=\"https:\/\/tn.com.ar\/resizer\/v2\/las-nenas-comieron-el-pan-envenenado-foto-pexels-XP7IGWH5G5HN7BNJT3KB64VO6I.jpg?auth=1600bf7253ecf3a58f2b5af5d68a70db4e9e405e27a2c46ee52abee7d202ee06&amp;width=767\" alt=\"Las nenas comieron el pan envenenado. (Foto: Pexels)\"\/><figcaption class=\"wp-element-caption\">Las nenas comieron el pan envenenado. (Foto: Pexels)<\/figcaption><\/figure>\n\n\n\n<p>Sin embargo, de acuerdo a la informaci\u00f3n publicada por los medios locales,&nbsp;<strong>los polic\u00edas de la zona recolectaron los panes sobrantes al d\u00eda siguiente y los tiraron en un basurero<\/strong>&nbsp;a cielo abierto. Horas m\u00e1s tarde, las tres menores se acercaron al lugar y presumen que&nbsp;<strong>comieron el alimento contaminado<\/strong>.<\/p>\n\n\n\n<p>Las v\u00edctimas, cuya identidad no trascendi\u00f3&nbsp;<strong>presentaron s\u00edntomas de envenenamiento<\/strong>, seg\u00fan el informe oficial. Empezaron a sentir un malestar general y ten\u00edan espuma en la boca, por lo que decidieron regresaron a sus casas. Una vez all\u00ed, sus familiares intentaron salvarles la vida, pero<strong>&nbsp;las menores murieron antes de recibir atenci\u00f3n m\u00e9dica<\/strong>.<\/p>\n\n\n\n<p>El gobernador del estado, Eduardo Ram\u00edrez Aguilar, se refiri\u00f3 a la tragedia a trav\u00e9s de sus redes sociales: \u201cLamento mucho la muerte de tres menores en el municipio de El Bosque. Al parecer, la posible causa de su lamentable fallecimiento fue la<strong>&nbsp;ingesta de veneno<\/strong>. La Fiscal\u00eda General del Estado ha tomado cartas en el asunto para&nbsp;<strong>determinar cu\u00e1les fueron las causas exactas de este lamentable suceso<\/strong>\u201d, escribi\u00f3 en X.<\/p>\n","protected":false},"excerpt":{"rendered":"<p>Los acusados de envenenarlas declararon que se hab\u00edan puesto de acuerdo para eliminar a los animales de la calle, ya que los consideran un problema de salud p\u00fablica. Tres nenas&hellip; <\/p>\n","protected":false},"author":12,"featured_media":190810,"comment_status":"closed","ping_status":"open","sticky":false,"template":"","format":"standard","meta":{"footnotes":""},"categories":[11],"tags":[],"class_list":["post-190805","post","type-post","status-publish","format-standard","has-post-thumbnail","hentry","category-internacionales"],"_links":{"self":[{"href":"https:\/\/corrientesdetarde.com\/index.php\/wp-json\/wp\/v2\/posts\/190805","targetHints":{"allow":["GET"]}}],"collection":[{"href":"https:\/\/corrientesdetarde.com\/index.php\/wp-json\/wp\/v2\/posts"}],"about":[{"href":"https:\/\/corrientesdetarde.com\/index.php\/wp-json\/wp\/v2\/types\/post"}],"author":[{"embeddable":true,"href":"https:\/\/corrientesdetarde.com\/index.php\/wp-json\/wp\/v2\/users\/12"}],"replies":[{"embeddable":true,"href":"https:\/\/corrientesdetarde.com\/index.php\/wp-json\/wp\/v2\/comments?post=190805"}],"version-history":[{"count":1,"href":"https:\/\/corrientesdetarde.com\/index.php\/wp-json\/wp\/v2\/posts\/190805\/revisions"}],"predecessor-version":[{"id":190811,"href":"https:\/\/corrientesdetarde.com\/index.php\/wp-json\/wp\/v2\/posts\/190805\/revisions\/190811"}],"wp:featuredmedia":[{"embeddable":true,"href":"https:\/\/corrientesdetarde.com\/index.php\/wp-json\/wp\/v2\/media\/190810"}],"wp:attachment":[{"href":"https:\/\/corrientesdetarde.com\/index.php\/wp-json\/wp\/v2\/media?parent=190805"}],"wp:term":[{"taxonomy":"category","embeddable":true,"href":"https:\/\/corrientesdetarde.com\/index.php\/wp-json\/wp\/v2\/categories?post=190805"},{"taxonomy":"post_tag","embeddable":true,"href":"https:\/\/corrientesdetarde.com\/index.php\/wp-json\/wp\/v2\/tags?post=190805"}],"curies":[{"name":"wp","href":"https:\/\/api.w.org\/{rel}","templated":true}]}}