{"id":191027,"date":"2025-02-16T20:13:00","date_gmt":"2025-02-16T23:13:00","guid":{"rendered":"https:\/\/corrientesdetarde.com\/?p=191027"},"modified":"2025-02-16T20:58:27","modified_gmt":"2025-02-16T23:58:27","slug":"la-incomoda-pregunta-de-mirtha-a-florencia-pena","status":"publish","type":"post","link":"https:\/\/corrientesdetarde.com\/index.php\/espectaculos\/la-incomoda-pregunta-de-mirtha-a-florencia-pena\/","title":{"rendered":"La inc\u00f3moda pregunta de Mirtha a Florencia Pe\u00f1a."},"content":{"rendered":"\n<h2 class=\"wp-block-heading\">La Chiqui volvi\u00f3 encendida a la pantalla de El Trece y le hizo una consulta muy picante a la actriz.<\/h2>\n\n\n\n<p>Mirtha Legrand tuvo un regreso estelar con una &#8220;Mesaza&#8221; que estuvo a la altura del primer programa de este ciclo. La diva estuvo acompa\u00f1ada por Gabriel Goity, Nicol\u00e1s Scarpino, L-Gante y Florencia Pe\u00f1a, a quien la conductora le realiz\u00f3 una pregunta que gener\u00f3 cierta incomodidad en la mesa.&nbsp;<\/p>\n\n\n\n<p>La conductora llev\u00f3 al programa el recuerdo de los famosos videos que aparecieron de Alberto Fern\u00e1ndez y Tamara Pettinato en el despacho presidencial. Es por esto que aprovechando que la actriz estaba como invitada,&nbsp;<strong>le consult\u00f3 sin temor sobre sus visitas a la Quinta de Olivos.&nbsp;<\/strong><\/p>\n\n\n\n<p>&#8220;Yo fui a Olivos hace muchos a\u00f1os, cuando est\u00e1bamos en pandemia, pensando en si pod\u00edamos encontrar un protocolo para actuar, y eso fue utilizado para decir que yo ten\u00eda una relaci\u00f3n con quien era presidente&#8221;, respondi\u00f3 Florencia ante la primera consulta de Mirtha.<\/p>\n\n\n\n<p>Pero La Chiqui fue por m\u00e1s y entre risas le hizo una letal pregunta:&nbsp;<strong>&#8220;Pero no te quedaste a dormir, \u00bfno?&#8221;,<\/strong>&nbsp;esto claramente incomod\u00f3 a Pe\u00f1a, quien justific\u00f3 su respuesta y las visitas a Olivos: &#8220;No, fui a una reuni\u00f3n como fue (Carlos) Rottemberg, como fue un mont\u00f3n de gente, lo que pasa es que como yo soy mujer y sigue siendo un mundo machista, el hombre fue a sentarse a hablar de igual a igual y yo fui a eso&#8221;.&nbsp;<\/p>\n\n\n\n<p>&#8220;Eso pas\u00f3, en su momento fue una operaci\u00f3n muy dif\u00edcil y muy burda que me hicieron, y muchos hombres que hab\u00edan estado en la Quinta de Olivos me defendieron, y hace poquito volvieron con lo mismo a partir del video de Tamara Pettinato&#8221;, cerr\u00f3 el tema Florencia.<\/p>\n","protected":false},"excerpt":{"rendered":"<p>La Chiqui volvi\u00f3 encendida a la pantalla de El Trece y le hizo una consulta muy picante a la actriz. Mirtha Legrand tuvo un regreso estelar con una &#8220;Mesaza&#8221; que&hellip; <\/p>\n","protected":false},"author":6,"featured_media":191034,"comment_status":"closed","ping_status":"open","sticky":false,"template":"","format":"standard","meta":{"footnotes":""},"categories":[19],"tags":[],"class_list":["post-191027","post","type-post","status-publish","format-standard","has-post-thumbnail","hentry","category-espectaculos"],"_links":{"self":[{"href":"https:\/\/corrientesdetarde.com\/index.php\/wp-json\/wp\/v2\/posts\/191027","targetHints":{"allow":["GET"]}}],"collection":[{"href":"https:\/\/corrientesdetarde.com\/index.php\/wp-json\/wp\/v2\/posts"}],"about":[{"href":"https:\/\/corrientesdetarde.com\/index.php\/wp-json\/wp\/v2\/types\/post"}],"author":[{"embeddable":true,"href":"https:\/\/corrientesdetarde.com\/index.php\/wp-json\/wp\/v2\/users\/6"}],"replies":[{"embeddable":true,"href":"https:\/\/corrientesdetarde.com\/index.php\/wp-json\/wp\/v2\/comments?post=191027"}],"version-history":[{"count":2,"href":"https:\/\/corrientesdetarde.com\/index.php\/wp-json\/wp\/v2\/posts\/191027\/revisions"}],"predecessor-version":[{"id":191038,"href":"https:\/\/corrientesdetarde.com\/index.php\/wp-json\/wp\/v2\/posts\/191027\/revisions\/191038"}],"wp:featuredmedia":[{"embeddable":true,"href":"https:\/\/corrientesdetarde.com\/index.php\/wp-json\/wp\/v2\/media\/191034"}],"wp:attachment":[{"href":"https:\/\/corrientesdetarde.com\/index.php\/wp-json\/wp\/v2\/media?parent=191027"}],"wp:term":[{"taxonomy":"category","embeddable":true,"href":"https:\/\/corrientesdetarde.com\/index.php\/wp-json\/wp\/v2\/categories?post=191027"},{"taxonomy":"post_tag","embeddable":true,"href":"https:\/\/corrientesdetarde.com\/index.php\/wp-json\/wp\/v2\/tags?post=191027"}],"curies":[{"name":"wp","href":"https:\/\/api.w.org\/{rel}","templated":true}]}}