{"id":191028,"date":"2025-02-16T20:00:00","date_gmt":"2025-02-16T23:00:00","guid":{"rendered":"https:\/\/corrientesdetarde.com\/?p=191028"},"modified":"2025-02-16T20:51:04","modified_gmt":"2025-02-16T23:51:04","slug":"necochea-encontraron-muerto-al-joven-que-habia-desaparecido-luego-de-meterse-al-mar","status":"publish","type":"post","link":"https:\/\/corrientesdetarde.com\/index.php\/policiales\/necochea-encontraron-muerto-al-joven-que-habia-desaparecido-luego-de-meterse-al-mar\/","title":{"rendered":"Necochea: encontraron muerto al joven que hab\u00eda desaparecido luego de meterse al mar."},"content":{"rendered":"\n<h2 class=\"wp-block-heading\">Santiago Haedo nadaba con un amigo en la zona del ex balneario Sotavento y fue arrastrado por las olas.<\/h2>\n\n\n\n<p>Despu\u00e9s de una intensa b\u00fasqueda, encontraron muerto a\u00a0<strong>Santiago Haedo<\/strong>, el joven de 22 a\u00f1os que estaba desaparecido desde el s\u00e1bado a la ma\u00f1ana cuando se meti\u00f3 al mar con un amigo en Necochea.<\/p>\n\n\n\n<p>Haedo nadaba en la zona del ex balneario Sotavento y&nbsp;<strong>fue arrastrado por las olas<\/strong>, seg\u00fan contaron los testigos.<\/p>\n\n\n\n<p>El director de Defensa Civil,&nbsp;<strong>Augusto Fulton<\/strong>, confirm\u00f3 que cuerpo del joven fue encontrado en el \u00e1rea bajo las&nbsp;<strong>letras de Necochea<\/strong>, un lugar cercano al que hab\u00eda sido visto por \u00faltima vez, consign\u00f3 el portal<em>&nbsp;Cuatro Vientos<\/em>.<\/p>\n\n\n\n<figure class=\"wp-block-image size-large\"><img loading=\"lazy\" decoding=\"async\" width=\"1024\" height=\"596\" src=\"https:\/\/corrientesdetarde.com\/wp-content\/uploads\/2025\/02\/image-626-1024x596.png\" alt=\"\" class=\"wp-image-191030\" srcset=\"https:\/\/corrientesdetarde.com\/wp-content\/uploads\/2025\/02\/image-626-1024x596.png 1024w, https:\/\/corrientesdetarde.com\/wp-content\/uploads\/2025\/02\/image-626-300x175.png 300w, https:\/\/corrientesdetarde.com\/wp-content\/uploads\/2025\/02\/image-626-768x447.png 768w, https:\/\/corrientesdetarde.com\/wp-content\/uploads\/2025\/02\/image-626.png 1440w\" sizes=\"auto, (max-width: 1024px) 100vw, 1024px\" \/><\/figure>\n\n\n\n<p>La b\u00fasqueda, que estuvo a cargo de agentes de la Prefectura Naval Argentina, Defensa Civil, Polic\u00eda y guardavidas, empez\u00f3 a partir de un llamado al 911 que avis\u00f3 sobre&nbsp;<strong>una persona que hab\u00eda entrado al mar y no hab\u00eda logrado salir.<\/strong><\/p>\n\n\n\n<p>Ante esta situaci\u00f3n, se pusieron en marcha los protocolos de b\u00fasqueda y rescate para dar con su paradero.<\/p>\n\n\n\n<p>Los testigos contaron que Haedo -que viv\u00eda en la localidad de Ram\u00f3n Santamarina- estaba con un amigo en el mar cerca de las 7 de la ma\u00f1ana del s\u00e1bado en la zona del ex balneario Sotavento. El otro joven logr\u00f3 salir, pero<strong>&nbsp;\u00e9l fue arrastrado por el oleaje.<\/strong><\/p>\n\n\n\n<p>Como parte del operativo, las motos de agua de Prefectura recorrieron los kil\u00f3metros de playa desde el oc\u00e9ano, mientras que hicieron lo mismo por tierra las camionetas de Defensa Civil y Protecci\u00f3n Ciudadana. A eso se suman los guardavidas de cada uno de los puestos de la playa, hasta que lo encontraron cerca de las 17 de este domingo.<\/p>\n\n\n\n<p>Una de sus amigas, Macarena Bar\u00f3n, lo despidi\u00f3 con un sentido mensaje en&nbsp;<em>Facebook<\/em>: \u201cCuando me enter\u00e9 de que eras vos,&nbsp;<strong>me cay\u00f3 un balde de agua fr\u00eda.<\/strong>&nbsp;Tuve el agrado de conocerte y as\u00ed como me paso a m\u00ed te habr\u00e1s ganado el coraz\u00f3n de quien te conoc\u00eda\u201d.<\/p>\n\n\n\n<p>\u201cTu ser tan bueno y transparente se ganaba a quien fuera que compartiera, as\u00ed sea un ratito con vos,<strong>&nbsp;qu\u00e9 placer fue conocerte.<\/strong>&nbsp;En lo que te conoc\u00ed s\u00e9 que esto no fue aprop\u00f3sito, fue algo que se te sali\u00f3 de control. Vol\u00e1 alto Santi, ac\u00e1 siempre vas a ser recordado por tu esencia tan especial, tan linda, y por tu ser tan dulce y bueno&#8221;, agreg\u00f3 la joven.<\/p>\n\n\n\n<p>El caso era investigado por la&nbsp;<strong>UFI N\u00ba1 de Necochea<\/strong>, a cargo de&nbsp;<strong>Jos\u00e9 Chipoletti<\/strong>.<\/p>\n","protected":false},"excerpt":{"rendered":"<p>Santiago Haedo nadaba con un amigo en la zona del ex balneario Sotavento y fue arrastrado por las olas. Despu\u00e9s de una intensa b\u00fasqueda, encontraron muerto a\u00a0Santiago Haedo, el joven&hellip; <\/p>\n","protected":false},"author":6,"featured_media":191029,"comment_status":"closed","ping_status":"open","sticky":false,"template":"","format":"standard","meta":{"footnotes":""},"categories":[33],"tags":[],"class_list":["post-191028","post","type-post","status-publish","format-standard","has-post-thumbnail","hentry","category-policiales"],"_links":{"self":[{"href":"https:\/\/corrientesdetarde.com\/index.php\/wp-json\/wp\/v2\/posts\/191028","targetHints":{"allow":["GET"]}}],"collection":[{"href":"https:\/\/corrientesdetarde.com\/index.php\/wp-json\/wp\/v2\/posts"}],"about":[{"href":"https:\/\/corrientesdetarde.com\/index.php\/wp-json\/wp\/v2\/types\/post"}],"author":[{"embeddable":true,"href":"https:\/\/corrientesdetarde.com\/index.php\/wp-json\/wp\/v2\/users\/6"}],"replies":[{"embeddable":true,"href":"https:\/\/corrientesdetarde.com\/index.php\/wp-json\/wp\/v2\/comments?post=191028"}],"version-history":[{"count":2,"href":"https:\/\/corrientesdetarde.com\/index.php\/wp-json\/wp\/v2\/posts\/191028\/revisions"}],"predecessor-version":[{"id":191033,"href":"https:\/\/corrientesdetarde.com\/index.php\/wp-json\/wp\/v2\/posts\/191028\/revisions\/191033"}],"wp:featuredmedia":[{"embeddable":true,"href":"https:\/\/corrientesdetarde.com\/index.php\/wp-json\/wp\/v2\/media\/191029"}],"wp:attachment":[{"href":"https:\/\/corrientesdetarde.com\/index.php\/wp-json\/wp\/v2\/media?parent=191028"}],"wp:term":[{"taxonomy":"category","embeddable":true,"href":"https:\/\/corrientesdetarde.com\/index.php\/wp-json\/wp\/v2\/categories?post=191028"},{"taxonomy":"post_tag","embeddable":true,"href":"https:\/\/corrientesdetarde.com\/index.php\/wp-json\/wp\/v2\/tags?post=191028"}],"curies":[{"name":"wp","href":"https:\/\/api.w.org\/{rel}","templated":true}]}}