{"id":191098,"date":"2025-02-17T08:45:42","date_gmt":"2025-02-17T11:45:42","guid":{"rendered":"https:\/\/corrientesdetarde.com\/?p=191098"},"modified":"2025-02-17T08:45:46","modified_gmt":"2025-02-17T11:45:46","slug":"mato-a-su-primo-a-punaladas-por-el-robo-de-un-celular","status":"publish","type":"post","link":"https:\/\/corrientesdetarde.com\/index.php\/policiales\/mato-a-su-primo-a-punaladas-por-el-robo-de-un-celular\/","title":{"rendered":"Mat\u00f3 a su primo a pu\u00f1aladas por el robo de un celular"},"content":{"rendered":"\n<p>Este domingo 16 de febrero cerca de las 22:15 se produjo el asesinato de un hombre de apellido D\u00edaz (23) por parte de otro identificado como G\u00f3mez (18). Seg\u00fan se inform\u00f3 ser\u00edan primos. El m\u00f3vil del ataque ser\u00eda el robo de un celular.<\/p>\n\n\n\n<p>El homicida ya est\u00e1 detenido.<\/p>\n\n\n\n<p><\/p>\n\n\n<div class=\"wp-block-image\">\n<figure class=\"aligncenter size-full\"><img loading=\"lazy\" decoding=\"async\" width=\"380\" height=\"507\" src=\"https:\/\/corrientesdetarde.com\/wp-content\/uploads\/2025\/02\/image-636.png\" alt=\"\" class=\"wp-image-191108\" srcset=\"https:\/\/corrientesdetarde.com\/wp-content\/uploads\/2025\/02\/image-636.png 380w, https:\/\/corrientesdetarde.com\/wp-content\/uploads\/2025\/02\/image-636-225x300.png 225w\" sizes=\"auto, (max-width: 380px) 100vw, 380px\" \/><\/figure>\n<\/div>","protected":false},"excerpt":{"rendered":"<p>Este domingo 16 de febrero cerca de las 22:15 se produjo el asesinato de un hombre de apellido D\u00edaz (23) por parte de otro identificado como G\u00f3mez (18). Seg\u00fan se&hellip; <\/p>\n","protected":false},"author":1,"featured_media":191109,"comment_status":"closed","ping_status":"open","sticky":false,"template":"","format":"standard","meta":{"footnotes":""},"categories":[33],"tags":[],"class_list":["post-191098","post","type-post","status-publish","format-standard","has-post-thumbnail","hentry","category-policiales"],"_links":{"self":[{"href":"https:\/\/corrientesdetarde.com\/index.php\/wp-json\/wp\/v2\/posts\/191098","targetHints":{"allow":["GET"]}}],"collection":[{"href":"https:\/\/corrientesdetarde.com\/index.php\/wp-json\/wp\/v2\/posts"}],"about":[{"href":"https:\/\/corrientesdetarde.com\/index.php\/wp-json\/wp\/v2\/types\/post"}],"author":[{"embeddable":true,"href":"https:\/\/corrientesdetarde.com\/index.php\/wp-json\/wp\/v2\/users\/1"}],"replies":[{"embeddable":true,"href":"https:\/\/corrientesdetarde.com\/index.php\/wp-json\/wp\/v2\/comments?post=191098"}],"version-history":[{"count":1,"href":"https:\/\/corrientesdetarde.com\/index.php\/wp-json\/wp\/v2\/posts\/191098\/revisions"}],"predecessor-version":[{"id":191110,"href":"https:\/\/corrientesdetarde.com\/index.php\/wp-json\/wp\/v2\/posts\/191098\/revisions\/191110"}],"wp:featuredmedia":[{"embeddable":true,"href":"https:\/\/corrientesdetarde.com\/index.php\/wp-json\/wp\/v2\/media\/191109"}],"wp:attachment":[{"href":"https:\/\/corrientesdetarde.com\/index.php\/wp-json\/wp\/v2\/media?parent=191098"}],"wp:term":[{"taxonomy":"category","embeddable":true,"href":"https:\/\/corrientesdetarde.com\/index.php\/wp-json\/wp\/v2\/categories?post=191098"},{"taxonomy":"post_tag","embeddable":true,"href":"https:\/\/corrientesdetarde.com\/index.php\/wp-json\/wp\/v2\/tags?post=191098"}],"curies":[{"name":"wp","href":"https:\/\/api.w.org\/{rel}","templated":true}]}}