{"id":191099,"date":"2025-02-17T08:42:57","date_gmt":"2025-02-17T11:42:57","guid":{"rendered":"https:\/\/corrientesdetarde.com\/?p=191099"},"modified":"2025-02-17T08:42:58","modified_gmt":"2025-02-17T11:42:58","slug":"vecinos-erradicaran-un-basural-en-el-sol-de-mayo-y-quinta-ferre","status":"publish","type":"post","link":"https:\/\/corrientesdetarde.com\/index.php\/sociales\/vecinos-erradicaran-un-basural-en-el-sol-de-mayo-y-quinta-ferre\/","title":{"rendered":"Vecinos erradicar\u00e1n un basural en el Sol de Mayo y Quinta Ferr\u00e9"},"content":{"rendered":"\n<p>Habitantes de los barrios Sol de Mayo y Quinta Ferr\u00e9 trabajan en conjunto para eliminar definitivamente un basural. Adem\u00e1s se alistan para gestionar mejoras en las calles y los desag\u00fces.<\/p>\n\n\n\n<p><\/p>\n\n\n\n<p>Ante la falta de respuesta de las autoridades, los vecinos decidieron organizarse para poner fin a un hist\u00f3rico problema que tiene lugar en la intersecci\u00f3n de las calles 20 de Mayo y Rafael Obligado, un zona limite entre las dos barriadas capitalinas. Se trata de un basural que cuenta con innumerables desperdicios y del que emanan olores nauseabundos.<\/p>\n\n\n\n<p>El referente del Foro de Organizaciones Vecinales (FORVE), Julio Maciel, precis\u00f3 que se est\u00e1 organizando una jornada de limpieza en el sector. Una actividad que ser\u00e1 acompa\u00f1ada con la construcci\u00f3n de una ermita donde ir\u00e1n ubicados uno o dos im\u00e1genes de santos.<\/p>\n\n\n\n<p>&#8220;Los vecinos vienen soportando a\u00f1os de no ser escuchados. Realizaron varios pedidos, pero ninguno fue escuchado por la Comuna&#8221;, asegur\u00f3 el referente vecinal que es acompa\u00f1ado por la Fundaci\u00f3n Proyectarse. Al mismo tiempo que remarc\u00f3 que existe un conflicto de jurisdicci\u00f3n entre las delegaciones de los barrios Anah\u00ed y Pl\u00e1cido Mart\u00ednez, ya que no est\u00e1 determinado cu\u00e1l de las dos debe hacerse cargo de los trabajos.<\/p>\n\n\n\n<p>Los residentes realizar\u00e1n una reuni\u00f3n el pr\u00f3ximo martes, a las 19, para coordinar las acciones a seguir en los pr\u00f3ximos d\u00edas. A la jornada de limpieza, que podr\u00eda ser acompa\u00f1ada por un almuerzo comunitario, se le sumar\u00e1n pedidos al Ejecutivo municipal y al Concejo Deliberante.<\/p>\n\n\n\n<p>Los vecinos solicitan mejora de calles y limpieza en los canales de desag\u00fces. A su vez esperan poder contar con una ampliaci\u00f3n del recorrido del cami\u00f3n de la basura. Vale remarcar que el basural activo obstruye el paso de peatones y veh\u00edculos.<\/p>\n\n\n\n<h2 class=\"wp-block-heading\">La Tosquera<\/h2>\n\n\n\n<p>Desde el FORVE recordaron que 1.500 familias del asentamiento La Tosquera buscan que el Fideicomiso Santa Catalina y el Municipio realice el trazado de calle que los una con el barrio Santa Catalina para que la Direcci\u00f3n Provincial de Energ\u00eda de Corrientes concrete la regularizaci\u00f3n del servicio de energ\u00eda. &#8220;Es importante resaltar que desde la DPEC esperan que la Municipalidad concrete la apertura de calle para poder comenzar con el tendido el\u00e9ctrico&#8221;, resalt\u00f3 Maciel.<\/p>\n","protected":false},"excerpt":{"rendered":"<p>Habitantes de los barrios Sol de Mayo y Quinta Ferr\u00e9 trabajan en conjunto para eliminar definitivamente un basural. Adem\u00e1s se alistan para gestionar mejoras en las calles y los desag\u00fces.&hellip; <\/p>\n","protected":false},"author":1,"featured_media":191106,"comment_status":"closed","ping_status":"open","sticky":false,"template":"","format":"standard","meta":{"footnotes":""},"categories":[26,17],"tags":[],"class_list":["post-191099","post","type-post","status-publish","format-standard","has-post-thumbnail","hentry","category-destacados","category-sociales"],"_links":{"self":[{"href":"https:\/\/corrientesdetarde.com\/index.php\/wp-json\/wp\/v2\/posts\/191099","targetHints":{"allow":["GET"]}}],"collection":[{"href":"https:\/\/corrientesdetarde.com\/index.php\/wp-json\/wp\/v2\/posts"}],"about":[{"href":"https:\/\/corrientesdetarde.com\/index.php\/wp-json\/wp\/v2\/types\/post"}],"author":[{"embeddable":true,"href":"https:\/\/corrientesdetarde.com\/index.php\/wp-json\/wp\/v2\/users\/1"}],"replies":[{"embeddable":true,"href":"https:\/\/corrientesdetarde.com\/index.php\/wp-json\/wp\/v2\/comments?post=191099"}],"version-history":[{"count":1,"href":"https:\/\/corrientesdetarde.com\/index.php\/wp-json\/wp\/v2\/posts\/191099\/revisions"}],"predecessor-version":[{"id":191107,"href":"https:\/\/corrientesdetarde.com\/index.php\/wp-json\/wp\/v2\/posts\/191099\/revisions\/191107"}],"wp:featuredmedia":[{"embeddable":true,"href":"https:\/\/corrientesdetarde.com\/index.php\/wp-json\/wp\/v2\/media\/191106"}],"wp:attachment":[{"href":"https:\/\/corrientesdetarde.com\/index.php\/wp-json\/wp\/v2\/media?parent=191099"}],"wp:term":[{"taxonomy":"category","embeddable":true,"href":"https:\/\/corrientesdetarde.com\/index.php\/wp-json\/wp\/v2\/categories?post=191099"},{"taxonomy":"post_tag","embeddable":true,"href":"https:\/\/corrientesdetarde.com\/index.php\/wp-json\/wp\/v2\/tags?post=191099"}],"curies":[{"name":"wp","href":"https:\/\/api.w.org\/{rel}","templated":true}]}}