{"id":191206,"date":"2025-02-17T13:24:30","date_gmt":"2025-02-17T16:24:30","guid":{"rendered":"https:\/\/corrientesdetarde.com\/?p=191206"},"modified":"2025-02-17T13:24:34","modified_gmt":"2025-02-17T16:24:34","slug":"el-gran-gesto-de-juan-roman-riquelme-en-la-llegada-de-boca-a-peru","status":"publish","type":"post","link":"https:\/\/corrientesdetarde.com\/index.php\/deportes\/el-gran-gesto-de-juan-roman-riquelme-en-la-llegada-de-boca-a-peru\/","title":{"rendered":"El gran gesto de Juan Rom\u00e1n Riquelme en la llegada de Boca a Per\u00fa"},"content":{"rendered":"\n<p>El presidente xeneize fue recibido con entusiasmo por los hinchas en Lima, de cara al partido de ma\u00f1ana por la Copa Libertadores.<\/p>\n\n\n\n<p>Boca Juniors lleg\u00f3 a&nbsp;<strong>Per\u00fa<\/strong>&nbsp;para disputar ma\u00f1ana el partido de ida por la Fase 2 de la&nbsp;<strong>Copa Libertadores<\/strong>&nbsp;contra&nbsp;<strong>Alianza Lima<\/strong>, y el gran protagonista no fue solo el plantel, sino&nbsp;<strong>Juan Rom\u00e1n Riquelme<\/strong>.<\/p>\n\n\n\n<p>El presidente del club acompa\u00f1\u00f3 al equipo en este esperado regreso a la competencia internacional, generando una conexi\u00f3n especial con los hinchas desde su arribo.<\/p>\n\n\n\n<figure class=\"wp-block-image\"><img decoding=\"async\" src=\"https:\/\/tn.com.ar\/resizer\/v2\/el-presidente-xeneize-fue-recibido-con-entusiasmo-por-los-hinchas-en-lima-donde-atendio-a-todos-con-autografos-y-fotos-foto-captura-de-video-de-xpasegolperu-2ABP46SWQ5GWBOE5VF2GVMB7BM.jpg?auth=0486ed7967706ee0dcccb5fa15513d735af7c15db71155cfd056b7ff98905d47&amp;width=767\" alt=\"El presidente xeneize fue recibido con entusiasmo por los hinchas en Lima, donde atendi\u00f3 a todos con aut\u00f3grafos y fotos. (Foto: captura de video de X\/@PaseGol_Peru).\"\/><\/figure>\n\n\n\n<p>Al llegar a&nbsp;<strong>Lima<\/strong>, Riquelme fue recibido por un numeroso grupo de fan\u00e1ticos que lo ovacionaron, agradecidos por su presencia. El gesto de Rom\u00e1n, siempre vinculado al Xeneize, no pas\u00f3 desapercibido:&nbsp;<strong>atendi\u00f3 uno a uno a los hinchas<\/strong>, firm\u00f3 aut\u00f3grafos y se sac\u00f3 fotos con quienes lo esperaron con gran cari\u00f1o.<\/p>\n\n\n\n<p><strong>Riquelme<\/strong>, quien fue clave en la \u00faltima conquista de la Copa Libertadores de Boca en 2007, tambi\u00e9n se mostr\u00f3 orgulloso de la campa\u00f1a del equipo en 2023. \u201cEn estos cuatro a\u00f1os ganamos muchos t\u00edtulos y fuimos el \u00fanico equipo no brasile\u00f1o que lleg\u00f3 a la final\u201d, destac\u00f3 el presidente, reafirmando su compromiso con el club y con los objetivos de seguir creciendo en el \u00e1mbito internacional.<\/p>\n\n\n\n<p>El equipo dirigido por&nbsp;<strong>Fernando Gago<\/strong>&nbsp;se prepara para enfrentar una&nbsp;<strong>Copa exigente<\/strong>, en la que no solo est\u00e1 en juego el&nbsp;<strong>honor<\/strong>, sino tambi\u00e9n el sue\u00f1o de levantar el s\u00e9ptimo t\u00edtulo de la Libertadores.<\/p>\n\n\n\n<p><\/p>\n","protected":false},"excerpt":{"rendered":"<p>El presidente xeneize fue recibido con entusiasmo por los hinchas en Lima, de cara al partido de ma\u00f1ana por la Copa Libertadores. Boca Juniors lleg\u00f3 a&nbsp;Per\u00fa&nbsp;para disputar ma\u00f1ana el partido&hellip; <\/p>\n","protected":false},"author":8,"featured_media":191207,"comment_status":"closed","ping_status":"open","sticky":false,"template":"","format":"standard","meta":{"footnotes":""},"categories":[4],"tags":[],"class_list":["post-191206","post","type-post","status-publish","format-standard","has-post-thumbnail","hentry","category-deportes"],"_links":{"self":[{"href":"https:\/\/corrientesdetarde.com\/index.php\/wp-json\/wp\/v2\/posts\/191206","targetHints":{"allow":["GET"]}}],"collection":[{"href":"https:\/\/corrientesdetarde.com\/index.php\/wp-json\/wp\/v2\/posts"}],"about":[{"href":"https:\/\/corrientesdetarde.com\/index.php\/wp-json\/wp\/v2\/types\/post"}],"author":[{"embeddable":true,"href":"https:\/\/corrientesdetarde.com\/index.php\/wp-json\/wp\/v2\/users\/8"}],"replies":[{"embeddable":true,"href":"https:\/\/corrientesdetarde.com\/index.php\/wp-json\/wp\/v2\/comments?post=191206"}],"version-history":[{"count":1,"href":"https:\/\/corrientesdetarde.com\/index.php\/wp-json\/wp\/v2\/posts\/191206\/revisions"}],"predecessor-version":[{"id":191209,"href":"https:\/\/corrientesdetarde.com\/index.php\/wp-json\/wp\/v2\/posts\/191206\/revisions\/191209"}],"wp:featuredmedia":[{"embeddable":true,"href":"https:\/\/corrientesdetarde.com\/index.php\/wp-json\/wp\/v2\/media\/191207"}],"wp:attachment":[{"href":"https:\/\/corrientesdetarde.com\/index.php\/wp-json\/wp\/v2\/media?parent=191206"}],"wp:term":[{"taxonomy":"category","embeddable":true,"href":"https:\/\/corrientesdetarde.com\/index.php\/wp-json\/wp\/v2\/categories?post=191206"},{"taxonomy":"post_tag","embeddable":true,"href":"https:\/\/corrientesdetarde.com\/index.php\/wp-json\/wp\/v2\/tags?post=191206"}],"curies":[{"name":"wp","href":"https:\/\/api.w.org\/{rel}","templated":true}]}}