{"id":191354,"date":"2025-02-18T09:51:46","date_gmt":"2025-02-18T12:51:46","guid":{"rendered":"https:\/\/corrientesdetarde.com\/?p=191354"},"modified":"2025-02-18T09:51:58","modified_gmt":"2025-02-18T12:51:58","slug":"una-mujer-fue-condenada-a-prision-perpetua-por-matar-y-enterrar-a-su-hijo","status":"publish","type":"post","link":"https:\/\/corrientesdetarde.com\/index.php\/policiales\/una-mujer-fue-condenada-a-prision-perpetua-por-matar-y-enterrar-a-su-hijo\/","title":{"rendered":"Una mujer fue condenada a prisi\u00f3n perpetua por matar y enterrar a su hijo"},"content":{"rendered":"\n<p>La Justicia de Corrientes conden\u00f3 a prisi\u00f3n perpetua a&nbsp;<strong>Brenda Mi\u00f1o por matar y enterrar a su hijo de 3 a\u00f1os<\/strong>&nbsp;en la localidad de Paso de los Libres, informaron este martes fuentes judiciales.&nbsp;<\/p>\n\n\n\n<p>La condenada deber\u00e1 cumplir&nbsp;<strong>arresto domiciliario&nbsp;<\/strong>hasta que su otro hijo (de 2 a\u00f1os) cumpla los 5 a\u00f1os.<\/p>\n\n\n\n<p>El hecho ocurri\u00f3 en enero del 2023, en una fecha y hora que no se puede determinar con exactitud, pero presumiblemente entre el 23 y 25 del mes antes mencionado, en circunstancias en que&nbsp;<strong>el cuerpo de Nahitan es encontrado sin vida y en estado avanzado de descomposici\u00f3n<\/strong>, en una zona despoblada y de frondosa vegetaci\u00f3n, en inmediaciones del barrio Las Flores.<\/p>\n\n\n\n<p>Seg\u00fan la acusaci\u00f3n del Fiscal de Investigaciones Concretas, Facundo Sotelo, la madre de Nahitan, aprovech\u00e1ndose de la condici\u00f3n f\u00edsica del menor, y de su discapacidad (escoliosis dorso lumbar, luxaci\u00f3n cong\u00e9nita de la cadera izquierda, luxaci\u00f3n de codo izquierdo con desplazamiento anterior), lo asesin\u00f3 y arroj\u00f3 a unos matorrales, donde fue su cuerpo macabramente encontrado, un mes despu\u00e9s.<br>El informe preliminar de la autopsia, determin\u00f3 que el ni\u00f1o recibi\u00f3 uno o varios golpes en la cabeza, que provocaron su deceso.<\/p>\n\n\n\n<p>Mi\u00f1o viv\u00eda en una humilde casa cerca del asentamiento conocido como el barrio Las Flores, junto a su hijo, a quien hab\u00eda dado a luz a los 15, y a su madre.<br>El 20 de enero del 2023, en base a lo que declar\u00f3 la detenida y tambi\u00e9n su madre, la joven regres\u00f3 a su casa sin su hijo. La abuela del ni\u00f1o le pregunt\u00f3 d\u00f3nde estaba el chico y ella le cont\u00f3 que se hab\u00eda encontrado en el hospital local con una asistente social de la ciudad de Corrientes y se lo hab\u00eda entregado porque no estaba en condiciones de darle una buena calidad de vida, m\u00e1s que nada por la discapacidad del ni\u00f1o.<\/p>\n","protected":false},"excerpt":{"rendered":"<p>La Justicia de Corrientes conden\u00f3 a prisi\u00f3n perpetua a&nbsp;Brenda Mi\u00f1o por matar y enterrar a su hijo de 3 a\u00f1os&nbsp;en la localidad de Paso de los Libres, informaron este martes&hellip; <\/p>\n","protected":false},"author":1,"featured_media":191359,"comment_status":"closed","ping_status":"open","sticky":false,"template":"","format":"standard","meta":{"footnotes":""},"categories":[33],"tags":[],"class_list":["post-191354","post","type-post","status-publish","format-standard","has-post-thumbnail","hentry","category-policiales"],"_links":{"self":[{"href":"https:\/\/corrientesdetarde.com\/index.php\/wp-json\/wp\/v2\/posts\/191354","targetHints":{"allow":["GET"]}}],"collection":[{"href":"https:\/\/corrientesdetarde.com\/index.php\/wp-json\/wp\/v2\/posts"}],"about":[{"href":"https:\/\/corrientesdetarde.com\/index.php\/wp-json\/wp\/v2\/types\/post"}],"author":[{"embeddable":true,"href":"https:\/\/corrientesdetarde.com\/index.php\/wp-json\/wp\/v2\/users\/1"}],"replies":[{"embeddable":true,"href":"https:\/\/corrientesdetarde.com\/index.php\/wp-json\/wp\/v2\/comments?post=191354"}],"version-history":[{"count":1,"href":"https:\/\/corrientesdetarde.com\/index.php\/wp-json\/wp\/v2\/posts\/191354\/revisions"}],"predecessor-version":[{"id":191360,"href":"https:\/\/corrientesdetarde.com\/index.php\/wp-json\/wp\/v2\/posts\/191354\/revisions\/191360"}],"wp:featuredmedia":[{"embeddable":true,"href":"https:\/\/corrientesdetarde.com\/index.php\/wp-json\/wp\/v2\/media\/191359"}],"wp:attachment":[{"href":"https:\/\/corrientesdetarde.com\/index.php\/wp-json\/wp\/v2\/media?parent=191354"}],"wp:term":[{"taxonomy":"category","embeddable":true,"href":"https:\/\/corrientesdetarde.com\/index.php\/wp-json\/wp\/v2\/categories?post=191354"},{"taxonomy":"post_tag","embeddable":true,"href":"https:\/\/corrientesdetarde.com\/index.php\/wp-json\/wp\/v2\/tags?post=191354"}],"curies":[{"name":"wp","href":"https:\/\/api.w.org\/{rel}","templated":true}]}}