{"id":192921,"date":"2025-02-25T11:39:13","date_gmt":"2025-02-25T14:39:13","guid":{"rendered":"https:\/\/corrientesdetarde.com\/?p=192921"},"modified":"2025-02-25T11:39:18","modified_gmt":"2025-02-25T14:39:18","slug":"el-gobierno-desmantelo-el-programa-de-cuidados-paliativos-del-instituto-nacional-del-cancer","status":"publish","type":"post","link":"https:\/\/corrientesdetarde.com\/index.php\/politica\/el-gobierno-desmantelo-el-programa-de-cuidados-paliativos-del-instituto-nacional-del-cancer\/","title":{"rendered":"EL GOBIERNO DESMANTEL\u00d3 EL PROGRAMA DE CUIDADOS PALIATIVOS DEL INSTITUTO NACIONAL DEL C\u00c1NCER"},"content":{"rendered":"\n<p>(Corresponsal\u00eda Buenos Aires) &#8211; El Gobierno de Javier Milei desmantel\u00f3 el programa de cuidados paliativos del Instituto Nacional del C\u00e1ncer, afectando gravemente la atenci\u00f3n de pacientes con enfermedades terminales. La doctora Mariana Pechenik, referente del \u00e1rea, denunci\u00f3 que la medida incluy\u00f3 la suspensi\u00f3n de compras de opioides esenciales para el tratamiento del dolor, como la morfina y la metadona, adem\u00e1s del despido de seis de los ocho integrantes del equipo. \u201cLos cuidados paliativos argentinos estamos de luto\u201d, expres\u00f3 con pesar.<\/p>\n\n\n\n<p>Seg\u00fan detall\u00f3 Pechenik, el programa nacional de cuidados paliativos era clave en la formaci\u00f3n de profesionales interdisciplinarios, brindando becas y cursos especializados. Tambi\u00e9n garantizaba la distribuci\u00f3n de opioides a las 24 jurisdicciones del pa\u00eds, con especial enfoque en las provincias m\u00e1s vulnerables, y ofrec\u00eda asesoramiento a equipos m\u00e9dicos en todo el territorio nacional. \u201cEl desmantelamiento traer\u00e1 como consecuencia m\u00e1s pacientes sin atenci\u00f3n especializada ni alivio del dolor\u201d, advirti\u00f3.<\/p>\n\n\n\n<p>El impacto de los recortes no se limita a los cuidados paliativos. La Federaci\u00f3n de Profesionales de la Salud (Fesprosa) denunci\u00f3 que desde 2024 cientos de pacientes han visto interrumpido el suministro de medicamentos oncol\u00f3gicos debido a la disoluci\u00f3n de la Direcci\u00f3n de Asistencia Directa por Situaciones Especiales (Dadse). Como resultado, seg\u00fan sus estimaciones, al menos 60 personas fallecieron por la falta de acceso a su tratamiento.<\/p>\n\n\n\n<p>\u201cEl Gobierno interrumpi\u00f3 la atenci\u00f3n de la Dadse con el pretexto de reorganizarla, lo que gener\u00f3 demoras en la provisi\u00f3n de medicaci\u00f3n oncol\u00f3gica y provoc\u00f3 muertes evitables\u201d, alert\u00f3 Fesprosa en un comunicado. Adem\u00e1s, se\u00f1alaron que, pese a la promesa del Ministerio de Salud de absorber sus funciones, la disoluci\u00f3n de la Dadse podr\u00eda estar relacionada con una maniobra para eludir un fallo judicial que obliga al Estado a garantizar el acceso a estos tratamientos.<\/p>\n\n\n\n<p>Los recortes en el sector sanitario tambi\u00e9n afectaron a hospitales y programas clave. A los despidos masivos en los hospitales Posadas, Bonaparte y Sommer, se sumaron 180 cesanteados en el Ministerio de Salud, lo que ha vaciado direcciones fundamentales como las de VIH, tuberculosis, lepra y vacunas. \u201cEl anuncio de salida de la Organizaci\u00f3n Mundial de la Salud (OMS) agrava el desmantelamiento de las pol\u00edticas p\u00fablicas de salud\u201d, advirtieron desde Fesprosa.<\/p>\n\n\n\n<p>Frente a este escenario, organizaciones de la salud y pacientes exigen respuestas urgentes al ministro de Salud, Mario Lugones, y el cumplimiento inmediato de las medidas cautelares dictadas por la justicia para garantizar el acceso a los tratamientos oncol\u00f3gicos y paliativos.<\/p>\n","protected":false},"excerpt":{"rendered":"<p>(Corresponsal\u00eda Buenos Aires) &#8211; El Gobierno de Javier Milei desmantel\u00f3 el programa de cuidados paliativos del Instituto Nacional del C\u00e1ncer, afectando gravemente la atenci\u00f3n de pacientes con enfermedades terminales. La&hellip; <\/p>\n","protected":false},"author":11,"featured_media":192922,"comment_status":"closed","ping_status":"open","sticky":false,"template":"","format":"standard","meta":{"footnotes":""},"categories":[26,3],"tags":[1610,336,257],"class_list":["post-192921","post","type-post","status-publish","format-standard","has-post-thumbnail","hentry","category-destacados","category-politica","tag-cancer","tag-milei","tag-salud"],"_links":{"self":[{"href":"https:\/\/corrientesdetarde.com\/index.php\/wp-json\/wp\/v2\/posts\/192921","targetHints":{"allow":["GET"]}}],"collection":[{"href":"https:\/\/corrientesdetarde.com\/index.php\/wp-json\/wp\/v2\/posts"}],"about":[{"href":"https:\/\/corrientesdetarde.com\/index.php\/wp-json\/wp\/v2\/types\/post"}],"author":[{"embeddable":true,"href":"https:\/\/corrientesdetarde.com\/index.php\/wp-json\/wp\/v2\/users\/11"}],"replies":[{"embeddable":true,"href":"https:\/\/corrientesdetarde.com\/index.php\/wp-json\/wp\/v2\/comments?post=192921"}],"version-history":[{"count":1,"href":"https:\/\/corrientesdetarde.com\/index.php\/wp-json\/wp\/v2\/posts\/192921\/revisions"}],"predecessor-version":[{"id":192923,"href":"https:\/\/corrientesdetarde.com\/index.php\/wp-json\/wp\/v2\/posts\/192921\/revisions\/192923"}],"wp:featuredmedia":[{"embeddable":true,"href":"https:\/\/corrientesdetarde.com\/index.php\/wp-json\/wp\/v2\/media\/192922"}],"wp:attachment":[{"href":"https:\/\/corrientesdetarde.com\/index.php\/wp-json\/wp\/v2\/media?parent=192921"}],"wp:term":[{"taxonomy":"category","embeddable":true,"href":"https:\/\/corrientesdetarde.com\/index.php\/wp-json\/wp\/v2\/categories?post=192921"},{"taxonomy":"post_tag","embeddable":true,"href":"https:\/\/corrientesdetarde.com\/index.php\/wp-json\/wp\/v2\/tags?post=192921"}],"curies":[{"name":"wp","href":"https:\/\/api.w.org\/{rel}","templated":true}]}}