{"id":193432,"date":"2025-02-27T15:29:10","date_gmt":"2025-02-27T18:29:10","guid":{"rendered":"https:\/\/corrientesdetarde.com\/?p=193432"},"modified":"2025-02-27T15:29:26","modified_gmt":"2025-02-27T18:29:26","slug":"entrega-de-colectivo-para-estudiantes-y-docentes-de-la-localidad-de-san-carlos","status":"publish","type":"post","link":"https:\/\/corrientesdetarde.com\/index.php\/actualidad\/entrega-de-colectivo-para-estudiantes-y-docentes-de-la-localidad-de-san-carlos\/","title":{"rendered":"Entrega de colectivo para estudiantes y docentes de la localidad de San Carlos"},"content":{"rendered":"\n<p>El Gobierno de Corrientes a trav\u00e9s del Ministerio de Educaci\u00f3n firm\u00f3 un convenio de tenencia de un colectivo para el municipio de San Carlos (departamento de Ituzaing\u00f3). La unidad de transporte ser\u00e1 destinada al traslado de alumnos que cursan sus estudios en los niveles inicial, primario, secundario y superior, como as\u00ed tambi\u00e9n su participaci\u00f3n en actividades culturales y deportivas. &nbsp;<\/p>\n\n\n\n<p>Con el objetivo de cubrir el servicio de transporte para estudiantes que cursan sus estudios en la localidad de San Carlos, la ministra de Educaci\u00f3n Pr\u00e1xedes L\u00f3pez y el Intendente Emiliano Alejandro Costaganna rubricaron esta ma\u00f1ana el convenio de tenencia de un colectivo.<\/p>\n\n\n\n<p>\u201cPara nosotros esta entrega es sumamente valiosa porque es atender a la necesidad de trasladar a nuestros alumnos y docentes\u201d, dijo la Ministra quien remarc\u00f3 que de esta manera, el Gobierno Provincial busca garantizar la presencia de los estudiantes en las escuelas. \u201cLa entrega de colectivos es una pol\u00edtica fuerte que no se va a interrumpir, porque tenemos m\u00e1s del 60 por ciento de nuestras escuelas establecidas en zonas rurales. Ahora es responsabilidad de ustedes (en referencia a las autoridades municipales de San Carlos), &nbsp;que esos alumnos lleguen a destino y no abandone la escuela\u201d.<\/p>\n\n\n\n<p>A su turno, el intendente&nbsp;Emiliano Alejandro Costaganna expres\u00f3 su alegr\u00eda por la firma de este convenio:&nbsp;\u201cRecibir este colectivo nos llena de emoci\u00f3n y de orgullo y agradecemos el trabajo que viene haciendo el Ministerio de Educaci\u00f3n y el Gobierno Provincial a trav\u00e9s del gobernador Gustavo Vald\u00e9s, que tiene una pol\u00edtica de integraci\u00f3n con los municipios del interior y San Carlos no es la Excepci\u00f3n\u201d.<\/p>\n\n\n\n<p>El acto cont\u00f3 adem\u00e1s con la presencia del subsecretario de Educaci\u00f3n Julio Navias y el viceintendente de San Carlos Roberto Amaro.<\/p>\n\n\n\n<figure class=\"wp-block-image size-large\"><img loading=\"lazy\" decoding=\"async\" width=\"1024\" height=\"682\" src=\"https:\/\/corrientesdetarde.com\/wp-content\/uploads\/2025\/02\/image-1200-1024x682.png\" alt=\"\" class=\"wp-image-193433\" srcset=\"https:\/\/corrientesdetarde.com\/wp-content\/uploads\/2025\/02\/image-1200-1024x682.png 1024w, https:\/\/corrientesdetarde.com\/wp-content\/uploads\/2025\/02\/image-1200-300x200.png 300w, https:\/\/corrientesdetarde.com\/wp-content\/uploads\/2025\/02\/image-1200-768x512.png 768w, https:\/\/corrientesdetarde.com\/wp-content\/uploads\/2025\/02\/image-1200.png 1280w\" sizes=\"auto, (max-width: 1024px) 100vw, 1024px\" \/><\/figure>\n\n\n\n<figure class=\"wp-block-image size-large\"><img loading=\"lazy\" decoding=\"async\" width=\"1024\" height=\"682\" src=\"https:\/\/corrientesdetarde.com\/wp-content\/uploads\/2025\/02\/image-1202-1024x682.png\" alt=\"\" class=\"wp-image-193435\" srcset=\"https:\/\/corrientesdetarde.com\/wp-content\/uploads\/2025\/02\/image-1202-1024x682.png 1024w, https:\/\/corrientesdetarde.com\/wp-content\/uploads\/2025\/02\/image-1202-300x200.png 300w, https:\/\/corrientesdetarde.com\/wp-content\/uploads\/2025\/02\/image-1202-768x512.png 768w, https:\/\/corrientesdetarde.com\/wp-content\/uploads\/2025\/02\/image-1202.png 1280w\" sizes=\"auto, (max-width: 1024px) 100vw, 1024px\" \/><\/figure>\n","protected":false},"excerpt":{"rendered":"<p>El Gobierno de Corrientes a trav\u00e9s del Ministerio de Educaci\u00f3n firm\u00f3 un convenio de tenencia de un colectivo para el municipio de San Carlos (departamento de Ituzaing\u00f3). La unidad de&hellip; <\/p>\n","protected":false},"author":8,"featured_media":193434,"comment_status":"closed","ping_status":"open","sticky":false,"template":"","format":"standard","meta":{"footnotes":""},"categories":[23,32],"tags":[],"class_list":["post-193432","post","type-post","status-publish","format-standard","has-post-thumbnail","hentry","category-actualidad","category-educacion"],"_links":{"self":[{"href":"https:\/\/corrientesdetarde.com\/index.php\/wp-json\/wp\/v2\/posts\/193432","targetHints":{"allow":["GET"]}}],"collection":[{"href":"https:\/\/corrientesdetarde.com\/index.php\/wp-json\/wp\/v2\/posts"}],"about":[{"href":"https:\/\/corrientesdetarde.com\/index.php\/wp-json\/wp\/v2\/types\/post"}],"author":[{"embeddable":true,"href":"https:\/\/corrientesdetarde.com\/index.php\/wp-json\/wp\/v2\/users\/8"}],"replies":[{"embeddable":true,"href":"https:\/\/corrientesdetarde.com\/index.php\/wp-json\/wp\/v2\/comments?post=193432"}],"version-history":[{"count":1,"href":"https:\/\/corrientesdetarde.com\/index.php\/wp-json\/wp\/v2\/posts\/193432\/revisions"}],"predecessor-version":[{"id":193436,"href":"https:\/\/corrientesdetarde.com\/index.php\/wp-json\/wp\/v2\/posts\/193432\/revisions\/193436"}],"wp:featuredmedia":[{"embeddable":true,"href":"https:\/\/corrientesdetarde.com\/index.php\/wp-json\/wp\/v2\/media\/193434"}],"wp:attachment":[{"href":"https:\/\/corrientesdetarde.com\/index.php\/wp-json\/wp\/v2\/media?parent=193432"}],"wp:term":[{"taxonomy":"category","embeddable":true,"href":"https:\/\/corrientesdetarde.com\/index.php\/wp-json\/wp\/v2\/categories?post=193432"},{"taxonomy":"post_tag","embeddable":true,"href":"https:\/\/corrientesdetarde.com\/index.php\/wp-json\/wp\/v2\/tags?post=193432"}],"curies":[{"name":"wp","href":"https:\/\/api.w.org\/{rel}","templated":true}]}}