{"id":193526,"date":"2025-02-27T22:58:30","date_gmt":"2025-02-28T01:58:30","guid":{"rendered":"https:\/\/corrientesdetarde.com\/?p=193526"},"modified":"2025-02-28T09:38:49","modified_gmt":"2025-02-28T12:38:49","slug":"corrientes-alerta-por-posible-paro-de-colectivos-para-la-proxima-semana","status":"publish","type":"post","link":"https:\/\/corrientesdetarde.com\/index.php\/informacion-general\/corrientes-alerta-por-posible-paro-de-colectivos-para-la-proxima-semana\/","title":{"rendered":"Corrientes: alerta por posible paro de colectivos para la pr\u00f3xima semana"},"content":{"rendered":"\n<p>La medida de fuerza se ver\u00eda impulsada por falta de acuerdos salariales.&nbsp;<\/p>\n\n\n\n<p>Desde la Secretar\u00eda General de la UTA Corrientes informaron este jueves que se llevar\u00e1 a cabo un paro de colectivos la pr\u00f3xima semana ante la falta de incremento salarial para los choferes, cuyo vencimiento est\u00e1 fijado para ma\u00f1ana.<\/p>\n\n\n\n<p>La Uni\u00f3n Tranviarios Automotor (UTA) justific\u00f3 la medida en el incumplimiento del convenio salarial pactado para enero y firmado previamente por los empresarios del sector.<\/p>\n\n\n\n<p>Seg\u00fan explic\u00f3 el secretario general de la UTA Corrientes, Jos\u00e9 Luis Sabao, el acuerdo establec\u00eda que los salarios de los trabajadores deb\u00edan incrementarse de $1.060.000 a $1.200.000, con diferencias retroactivas desde noviembre. Indic\u00f3 que esa es la principal demanda de la seccional Corrientes.<\/p>\n\n\n\n<p>El dirigente sindical mencion\u00f3 que la semana pasada se realiz\u00f3 una reuni\u00f3n con representantes de las empresas de transporte San Lorenzo y Ersa, donde los empresarios manifestaron que no pod\u00edan cumplir con el aumento acordado.<\/p>\n\n\n\n<p>Desde la UTA recordaron a las empresas que forman parte de la FATAP (Federaci\u00f3n Argentina de Transportadores por Automotor de Pasajeros) y que no pueden desconocer los compromisos firmados.<\/p>\n\n\n\n<p>En caso de no alcanzar un acuerdo, los delegados y la Asamblea de trabajadores tomar\u00e1n medidas de fuerza. Seg\u00fan adelantaron, la fecha l\u00edmite para que los empresarios cumplan con lo pactado es el 28 de febrero, y de no concretarse el pago, en el transcurso de la tarde se definir\u00e1n los pasos a seguir.<\/p>\n","protected":false},"excerpt":{"rendered":"<p>La medida de fuerza se ver\u00eda impulsada por falta de acuerdos salariales.&nbsp; Desde la Secretar\u00eda General de la UTA Corrientes informaron este jueves que se llevar\u00e1 a cabo un paro&hellip; <\/p>\n","protected":false},"author":4,"featured_media":193527,"comment_status":"closed","ping_status":"open","sticky":false,"template":"","format":"standard","meta":{"footnotes":""},"categories":[1],"tags":[],"class_list":["post-193526","post","type-post","status-publish","format-standard","has-post-thumbnail","hentry","category-informacion-general"],"_links":{"self":[{"href":"https:\/\/corrientesdetarde.com\/index.php\/wp-json\/wp\/v2\/posts\/193526","targetHints":{"allow":["GET"]}}],"collection":[{"href":"https:\/\/corrientesdetarde.com\/index.php\/wp-json\/wp\/v2\/posts"}],"about":[{"href":"https:\/\/corrientesdetarde.com\/index.php\/wp-json\/wp\/v2\/types\/post"}],"author":[{"embeddable":true,"href":"https:\/\/corrientesdetarde.com\/index.php\/wp-json\/wp\/v2\/users\/4"}],"replies":[{"embeddable":true,"href":"https:\/\/corrientesdetarde.com\/index.php\/wp-json\/wp\/v2\/comments?post=193526"}],"version-history":[{"count":1,"href":"https:\/\/corrientesdetarde.com\/index.php\/wp-json\/wp\/v2\/posts\/193526\/revisions"}],"predecessor-version":[{"id":193528,"href":"https:\/\/corrientesdetarde.com\/index.php\/wp-json\/wp\/v2\/posts\/193526\/revisions\/193528"}],"wp:featuredmedia":[{"embeddable":true,"href":"https:\/\/corrientesdetarde.com\/index.php\/wp-json\/wp\/v2\/media\/193527"}],"wp:attachment":[{"href":"https:\/\/corrientesdetarde.com\/index.php\/wp-json\/wp\/v2\/media?parent=193526"}],"wp:term":[{"taxonomy":"category","embeddable":true,"href":"https:\/\/corrientesdetarde.com\/index.php\/wp-json\/wp\/v2\/categories?post=193526"},{"taxonomy":"post_tag","embeddable":true,"href":"https:\/\/corrientesdetarde.com\/index.php\/wp-json\/wp\/v2\/tags?post=193526"}],"curies":[{"name":"wp","href":"https:\/\/api.w.org\/{rel}","templated":true}]}}