{"id":193554,"date":"2025-02-28T08:42:31","date_gmt":"2025-02-28T11:42:31","guid":{"rendered":"https:\/\/corrientesdetarde.com\/?p=193554"},"modified":"2025-02-28T08:42:43","modified_gmt":"2025-02-28T11:42:43","slug":"cronograma-de-feria-de-emprendedores-en-el-paseo-ibera","status":"publish","type":"post","link":"https:\/\/corrientesdetarde.com\/index.php\/eventos\/cronograma-de-feria-de-emprendedores-en-el-paseo-ibera\/","title":{"rendered":"Cronograma de Feria de Emprendedores en el Paseo Iber\u00e1"},"content":{"rendered":"\n<p>Este fin de semana se realizar\u00e1n las Ferias de Emprendedores del Ministerio de&nbsp;Desarrollo Social&nbsp; en el Paseo Iber\u00e1, el s\u00e1bado 1 de marzo &nbsp;de 18 a 2 &nbsp;hs y el domingo 2 de 18 a &nbsp;00 hs.&nbsp;Tambi\u00e9n se llevaran a cabo el domingo 2 en el Parque Eucaliptal &nbsp;y en el Parque Mitre.<\/p>\n\n\n\n<p>&nbsp;La actividad se encuentra bajo la Coordinaci\u00f3n de la Direcci\u00f3n de Comercializaci\u00f3n cuya Directora es D\u00e9bora Galarza Alcaraz.<\/p>\n\n\n\n<p>La Expo-emprendedora se realizar\u00e1 el s\u00e1bado en el Paseo Iber\u00e1, ubicado en la Bajada del Puente Gral. Belgrano y Costanera por Lavalle entre D\u00edaz de Vivar y Cerrito, con la exposici\u00f3n y comercializaci\u00f3n de productos de distintos rubros.<\/p>\n\n\n\n<p>Con un sector gastron\u00f3mico con patio de comidas y espect\u00e1culos art\u00edsticos.<\/p>\n\n\n\n<p>Por su parte, el domingo adem\u00e1s se llevar\u00e1n a cabo&nbsp;la Multiferia&nbsp;en el Parque El Eucaliptal del Barrio San Jer\u00f3nimo&nbsp;donde emprendedores y artesanos expondr\u00e1n sus productos&nbsp;de 16 a 23 hs y la Feria de Revendedores en el&nbsp; Parque Mitre, otro grupo de emprendedores comercializar\u00e1n productos de reventa tambi\u00e9n de 18 a 23 hs<\/p>\n\n\n\n<p><strong>Paseo San Luis<\/strong><\/p>\n\n\n\n<p>Este&nbsp;maravilloso lugar donde se puede disfrutar de buena comida y espect\u00e1culos musicales, como tambi\u00e9n&nbsp;la exposici\u00f3n de productos de emprendedores y artesanos en San Luis 680 en el coraz\u00f3n del Barrio&nbsp;Camba Cu\u00e1.<\/p>\n\n\n\n<p>Este viernes 28 de febrero a partir de las 22,30 actuar\u00e1n Migue y Guille.<\/p>\n","protected":false},"excerpt":{"rendered":"<p>Este fin de semana se realizar\u00e1n las Ferias de Emprendedores del Ministerio de&nbsp;Desarrollo Social&nbsp; en el Paseo Iber\u00e1, el s\u00e1bado 1 de marzo &nbsp;de 18 a 2 &nbsp;hs y el&hellip; <\/p>\n","protected":false},"author":1,"featured_media":154261,"comment_status":"closed","ping_status":"open","sticky":false,"template":"","format":"standard","meta":{"footnotes":""},"categories":[22],"tags":[],"class_list":["post-193554","post","type-post","status-publish","format-standard","has-post-thumbnail","hentry","category-eventos"],"_links":{"self":[{"href":"https:\/\/corrientesdetarde.com\/index.php\/wp-json\/wp\/v2\/posts\/193554","targetHints":{"allow":["GET"]}}],"collection":[{"href":"https:\/\/corrientesdetarde.com\/index.php\/wp-json\/wp\/v2\/posts"}],"about":[{"href":"https:\/\/corrientesdetarde.com\/index.php\/wp-json\/wp\/v2\/types\/post"}],"author":[{"embeddable":true,"href":"https:\/\/corrientesdetarde.com\/index.php\/wp-json\/wp\/v2\/users\/1"}],"replies":[{"embeddable":true,"href":"https:\/\/corrientesdetarde.com\/index.php\/wp-json\/wp\/v2\/comments?post=193554"}],"version-history":[{"count":1,"href":"https:\/\/corrientesdetarde.com\/index.php\/wp-json\/wp\/v2\/posts\/193554\/revisions"}],"predecessor-version":[{"id":193564,"href":"https:\/\/corrientesdetarde.com\/index.php\/wp-json\/wp\/v2\/posts\/193554\/revisions\/193564"}],"wp:featuredmedia":[{"embeddable":true,"href":"https:\/\/corrientesdetarde.com\/index.php\/wp-json\/wp\/v2\/media\/154261"}],"wp:attachment":[{"href":"https:\/\/corrientesdetarde.com\/index.php\/wp-json\/wp\/v2\/media?parent=193554"}],"wp:term":[{"taxonomy":"category","embeddable":true,"href":"https:\/\/corrientesdetarde.com\/index.php\/wp-json\/wp\/v2\/categories?post=193554"},{"taxonomy":"post_tag","embeddable":true,"href":"https:\/\/corrientesdetarde.com\/index.php\/wp-json\/wp\/v2\/tags?post=193554"}],"curies":[{"name":"wp","href":"https:\/\/api.w.org\/{rel}","templated":true}]}}