{"id":193555,"date":"2025-02-28T08:40:07","date_gmt":"2025-02-28T11:40:07","guid":{"rendered":"https:\/\/corrientesdetarde.com\/?p=193555"},"modified":"2025-02-28T20:17:15","modified_gmt":"2025-02-28T23:17:15","slug":"fin-de-semana-xxl-con-duelo-de-bateriascarnavales-deportes-y-mucho-mas","status":"publish","type":"post","link":"https:\/\/corrientesdetarde.com\/index.php\/eventos\/fin-de-semana-xxl-con-duelo-de-bateriascarnavales-deportes-y-mucho-mas\/","title":{"rendered":"Fin\u00a0de\u00a0semana\u00a0XXL con duelo de bater\u00edas,carnavales, deportes y mucho m\u00e1s"},"content":{"rendered":"\n<p><em>La Municipalidad de Corrientes prepar\u00f3 distintos eventos al aire libre y totalmente gratuitos para el disfrute de vecinos y turistas. Desde el viernes y hasta el lunes habr\u00e1 feria de artesanos, shows de bater\u00edas, carnavales oficiales, recorridos pedestres, rugby, zumba y muchas propuestas m\u00e1s.<\/em><\/p>\n\n\n\n<p><\/p>\n\n\n\n<p>En el marco del primer\u00a0fin\u00a0de\u00a0semana\u00a0extra largo en toda la Rep\u00fablica Argentina, la Municipalidad de Corrientes diagram\u00f3 una serie de activisades gratuitas para los vecinos y para quienes visiten la ciudad. Una amplia oferta que incluye propuestas culturales, deportivas y de esparcimiento.<br><br>El viernes tendr\u00e1 lugar la cl\u00e1sica Feria de Artesanos, que se har\u00e1 presente de 9 a 22 en la plaza Cabral, con todo tipo de objetos y creaciones artesanales, ideal para adquirir un recuerdo especial o hacer un regalo \u00fanico. Se repetir\u00e1 el s\u00e1bado y domingo en Costanera Sur y Las Heras.<br><br>En el marco del D\u00eda Mundial de las Enfermedades Poco Frecuentes o Raras (EPOF), el Palacio Municipal permanecer\u00e1 iluminado durante todo el d\u00eda. Adem\u00e1s, a las 19, se plantar\u00e1 un ceibo en representaci\u00f3n y concientizaci\u00f3n de las EPOF en el parque Camb\u00e1 Cu\u00e1.<br><br>A las 19.30 se realizar\u00e1n presentaciones art\u00edsticas en el anfiteatro Jos\u00e9 Hern\u00e1ndez a cargo de la \u00a0Fundaci\u00f3n \u201cDivino Ni\u00f1o Jes\u00fas\u201d, Alejo P\u00e9rez Esquivel de la Fundaci\u00f3n \u201cCaminos de amor y esperanza\u201d y Mariela Pedelhez.\u00a0 La consigna ser\u00e1 llevar una prenda violeta.<\/p>\n\n\n\n<figure class=\"wp-block-image size-large\"><img loading=\"lazy\" decoding=\"async\" width=\"819\" height=\"1024\" src=\"https:\/\/corrientesdetarde.com\/wp-content\/uploads\/2025\/02\/image-1225-819x1024.png\" alt=\"\" class=\"wp-image-193556\" srcset=\"https:\/\/corrientesdetarde.com\/wp-content\/uploads\/2025\/02\/image-1225-819x1024.png 819w, https:\/\/corrientesdetarde.com\/wp-content\/uploads\/2025\/02\/image-1225-240x300.png 240w, https:\/\/corrientesdetarde.com\/wp-content\/uploads\/2025\/02\/image-1225-768x960.png 768w, https:\/\/corrientesdetarde.com\/wp-content\/uploads\/2025\/02\/image-1225.png 1024w\" sizes=\"auto, (max-width: 819px) 100vw, 819px\" \/><\/figure>\n\n\n\n<figure class=\"wp-block-image size-large\"><img loading=\"lazy\" decoding=\"async\" width=\"819\" height=\"1024\" src=\"https:\/\/corrientesdetarde.com\/wp-content\/uploads\/2025\/02\/image-1226-819x1024.png\" alt=\"\" class=\"wp-image-193557\" srcset=\"https:\/\/corrientesdetarde.com\/wp-content\/uploads\/2025\/02\/image-1226-819x1024.png 819w, https:\/\/corrientesdetarde.com\/wp-content\/uploads\/2025\/02\/image-1226-240x300.png 240w, https:\/\/corrientesdetarde.com\/wp-content\/uploads\/2025\/02\/image-1226-768x960.png 768w, https:\/\/corrientesdetarde.com\/wp-content\/uploads\/2025\/02\/image-1226.png 1024w\" sizes=\"auto, (max-width: 819px) 100vw, 819px\" \/><\/figure>\n\n\n\n<figure class=\"wp-block-image size-large\"><img loading=\"lazy\" decoding=\"async\" width=\"819\" height=\"1024\" src=\"https:\/\/corrientesdetarde.com\/wp-content\/uploads\/2025\/02\/image-1227-819x1024.png\" alt=\"\" class=\"wp-image-193558\" srcset=\"https:\/\/corrientesdetarde.com\/wp-content\/uploads\/2025\/02\/image-1227-819x1024.png 819w, https:\/\/corrientesdetarde.com\/wp-content\/uploads\/2025\/02\/image-1227-240x300.png 240w, https:\/\/corrientesdetarde.com\/wp-content\/uploads\/2025\/02\/image-1227-768x960.png 768w, https:\/\/corrientesdetarde.com\/wp-content\/uploads\/2025\/02\/image-1227.png 1024w\" sizes=\"auto, (max-width: 819px) 100vw, 819px\" \/><\/figure>\n\n\n\n<figure class=\"wp-block-image size-large\"><img loading=\"lazy\" decoding=\"async\" width=\"819\" height=\"1024\" src=\"https:\/\/corrientesdetarde.com\/wp-content\/uploads\/2025\/02\/image-1228-819x1024.png\" alt=\"\" class=\"wp-image-193559\" srcset=\"https:\/\/corrientesdetarde.com\/wp-content\/uploads\/2025\/02\/image-1228-819x1024.png 819w, https:\/\/corrientesdetarde.com\/wp-content\/uploads\/2025\/02\/image-1228-240x300.png 240w, https:\/\/corrientesdetarde.com\/wp-content\/uploads\/2025\/02\/image-1228-768x960.png 768w, https:\/\/corrientesdetarde.com\/wp-content\/uploads\/2025\/02\/image-1228.png 1024w\" sizes=\"auto, (max-width: 819px) 100vw, 819px\" \/><\/figure>\n\n\n\n<p><br>\u00a0<br>FIN\u00a0DE\u00a0SEMANA\u00a0CARNESTOLENDO<br>Como parte del \u00faltimo\u00a0fin\u00a0de\u00a0semana\u00a0de carnaval, el viernes 28 de febrero se llevar\u00e1 adelante el \u201cDuelo de Bater\u00edas \u2013 Agrupaciones Musicales Edici\u00f3n 2025\u201d, desde las 22 en el parque Camba Cu\u00e1. (zona pileton).<br><br>Con acceso totalmente libre y gratuito, los vecinos y visitantes podr\u00e1n ver en acci\u00f3n a las escuelas de samba de Kamandukahia, Samba Show, Samba Total, Sambanda e Imperio Bahiano.<br><br>Adem\u00e1s, los d\u00edas s\u00e1bado 1, domingo 2 y lunes 3 de marzo se desarrollar\u00e1 el tradicional desfile por el Cors\u00f3dromo Nolo Alias. El s\u00e1bado ser\u00e1 el turno del Carnaval Provincial con la participaci\u00f3n de las comparsas Tova Por\u00e1 de Curuz\u00fa Cuat\u00eda, Orfeo de Monte Caseros, Marab\u00fa de Santo Tom\u00e9, Poderosa de Ituzaing\u00f3 y Carumb\u00e9 de Paso de los Libres, que competir\u00e1n mostrando todo su esplendor, junto a Samba Show, Arand\u00fa Beleza, Sapucay, Imperio Bahiano y Ara Ber\u00e1.<br><br>Las entradas est\u00e1n en venta en Centenario Shopping (Av. Ra\u00fal Alfons\u00edn 3525) y a trav\u00e9s de Norteticket.com<br><br>El s\u00e1bado, desde las 19 en la playa Arazaty II se desarrollar\u00e1n clases de zumba. Todos los interesados podr\u00e1n sumarse.<br>\u00a0<br>RECORRIDOS PEDESTRES<br>Durante el fin de semana, vecinos y turistas podr\u00e1n participar del circuito tur\u00edstico \u201cDescubr\u00ed Corrientes\u201d, que comprende recorridos guiados a circuitos emblem\u00e1ticos de la ciudad.<br><br>El s\u00e1bado, de 19 a 21, se visitar\u00e1 la plaza 25 de Mayo y sus alrededores, donde se podr\u00e1 apreciar los atractivos del casco hist\u00f3rico. Mientras que el domingo, de 18 a 20, se recorrer\u00e1n los mausoleos de personalidades destacadas de la historia de Corrientes en el cementerio San Juan Bautista.<br><br>Las inscripciones son gratuitas y pueden registrarse ingresando a\u00a0<a href=\"https:\/\/visitcorrientes.tur.ar\/descubri\/\" target=\"_blank\" rel=\"noreferrer noopener\">https:\/\/visitcorrientes.tur.ar\/descubri\/<\/a><br><br>El domingo, desde las 8, se desarrollar\u00e1\u00a0 una jornada de Rugby classic en el\u00a0Club San Patricio Rugby con la participaci\u00f3n de cerca de 400 personas, entre jugadores, staff acompa\u00f1ante y \u00e1rbitros.<br><br>Desde las 16 en el Espacio Cultural Mari\u00f1o (Santa F\u00e9 847) se llevar\u00e1 adelante \u201cLa Popu Feria\u201d.<br><br>Y, desde las 17, en el parque Eucaliptal del barrio San Ger\u00f3nimo se desarrollar\u00e1 un evento denominado \u201cMy Cypher \u201cque consiste en actividades gratuitas sobre danzas urbanas y estilos creativos.<br><br>TEMPORADA DE\u00a0 PLAYAS<br>Siguen habilitados los cinco balnearios capitalinos: Arazaty I y II, Malvinas I y II, y Molina Punta. Los visitantes pueden acceder a la playa de 8:15 a 20, mientras que durante todo marzo, en la playa Arazaty I el horario se extender\u00e1 hasta las 22.<br><br>Los ba\u00f1os p\u00fablicos est\u00e1n disponibles en : Arazaty I, de 8 a 00; Arazaty II de 8 a 22; Malvinas I, de 8 a 23; Malvinas II, de 8 a 20 y Molina Punta, de 8 a 20.<br>\u00a0<\/p>\n","protected":false},"excerpt":{"rendered":"<p>La Municipalidad de Corrientes prepar\u00f3 distintos eventos al aire libre y totalmente gratuitos para el disfrute de vecinos y turistas. Desde el viernes y hasta el lunes habr\u00e1 feria de&hellip; <\/p>\n","protected":false},"author":1,"featured_media":193560,"comment_status":"closed","ping_status":"open","sticky":false,"template":"","format":"standard","meta":{"footnotes":""},"categories":[22],"tags":[],"class_list":["post-193555","post","type-post","status-publish","format-standard","has-post-thumbnail","hentry","category-eventos"],"_links":{"self":[{"href":"https:\/\/corrientesdetarde.com\/index.php\/wp-json\/wp\/v2\/posts\/193555","targetHints":{"allow":["GET"]}}],"collection":[{"href":"https:\/\/corrientesdetarde.com\/index.php\/wp-json\/wp\/v2\/posts"}],"about":[{"href":"https:\/\/corrientesdetarde.com\/index.php\/wp-json\/wp\/v2\/types\/post"}],"author":[{"embeddable":true,"href":"https:\/\/corrientesdetarde.com\/index.php\/wp-json\/wp\/v2\/users\/1"}],"replies":[{"embeddable":true,"href":"https:\/\/corrientesdetarde.com\/index.php\/wp-json\/wp\/v2\/comments?post=193555"}],"version-history":[{"count":1,"href":"https:\/\/corrientesdetarde.com\/index.php\/wp-json\/wp\/v2\/posts\/193555\/revisions"}],"predecessor-version":[{"id":193561,"href":"https:\/\/corrientesdetarde.com\/index.php\/wp-json\/wp\/v2\/posts\/193555\/revisions\/193561"}],"wp:featuredmedia":[{"embeddable":true,"href":"https:\/\/corrientesdetarde.com\/index.php\/wp-json\/wp\/v2\/media\/193560"}],"wp:attachment":[{"href":"https:\/\/corrientesdetarde.com\/index.php\/wp-json\/wp\/v2\/media?parent=193555"}],"wp:term":[{"taxonomy":"category","embeddable":true,"href":"https:\/\/corrientesdetarde.com\/index.php\/wp-json\/wp\/v2\/categories?post=193555"},{"taxonomy":"post_tag","embeddable":true,"href":"https:\/\/corrientesdetarde.com\/index.php\/wp-json\/wp\/v2\/tags?post=193555"}],"curies":[{"name":"wp","href":"https:\/\/api.w.org\/{rel}","templated":true}]}}