{"id":193563,"date":"2025-02-28T08:47:04","date_gmt":"2025-02-28T11:47:04","guid":{"rendered":"https:\/\/corrientesdetarde.com\/?p=193563"},"modified":"2025-02-28T08:47:08","modified_gmt":"2025-02-28T11:47:08","slug":"embajadores-culturales-y-nacionales-del-carnaval-2025","status":"publish","type":"post","link":"https:\/\/corrientesdetarde.com\/index.php\/eventos\/embajadores-culturales-y-nacionales-del-carnaval-2025\/","title":{"rendered":"Embajadores Culturales y Nacionales del Carnaval 2025"},"content":{"rendered":"\n<p>Tras un \u00a0proceso de selecci\u00f3n que cont\u00f3 con m\u00e1s de 30 postulantes, la pareja se destac\u00f3 por su \u00a0carisma, conocimiento de la tradici\u00f3n carnavalera y compromiso con la difusi\u00f3n de esta \u00a0festividad emblem\u00e1tica.<\/p>\n\n\n\n<figure class=\"wp-block-image size-full\"><img loading=\"lazy\" decoding=\"async\" width=\"992\" height=\"720\" src=\"https:\/\/corrientesdetarde.com\/wp-content\/uploads\/2025\/02\/image-1232.png\" alt=\"\" class=\"wp-image-193569\" srcset=\"https:\/\/corrientesdetarde.com\/wp-content\/uploads\/2025\/02\/image-1232.png 992w, https:\/\/corrientesdetarde.com\/wp-content\/uploads\/2025\/02\/image-1232-300x218.png 300w, https:\/\/corrientesdetarde.com\/wp-content\/uploads\/2025\/02\/image-1232-768x557.png 768w\" sizes=\"auto, (max-width: 992px) 100vw, 992px\" \/><\/figure>\n\n\n\n<p>Como embajadores, los galardonados tendr\u00e1n la responsabilidad de representar el &nbsp;esp\u00edritu del Carnaval de Corrientes a nivel nacional e internacional, promoviendo la &nbsp;cultura, la historia y la alegr\u00eda de esta celebraci\u00f3n que es s\u00edmbolo de identidad para la &nbsp;provincia y el pa\u00eds. Su designaci\u00f3n refuerza el valor del carnaval como un evento que &nbsp;trasciende fronteras, llevando su color y pasi\u00f3n a escenarios de todo el mundo.<br>&nbsp;Por otro lado, en la categor\u00eda de Mejores Trajes Nacionales del Carnaval, el jurado premi\u00f3 a Marcelo Meza (Ara Ber\u00e1) c\u00f3mo mejor traje masculino de Capital; Maria Emilia &nbsp;Mancedo Grab (Ara Ber\u00e1) Mejor traje femenino de Capital. Mientras que para el interior &nbsp;los galardonados fueron Ezequiel Saltiva (Caru Cura &#8211; Esquina) y Manuela Schiro (Zum &nbsp;Zum &#8211; Paso de los Libres), quienes cautivaron con sus imponentes y detallados dise\u00f1os.<\/p>\n\n\n\n<p>Sus vestuarios, inspirados en la riqueza cultural y la creatividad de los artesanos del \u00a0carnaval, fueron considerados los m\u00e1s representativos de la esencia y el esplendor de \u00a0la fiesta.<\/p>\n\n\n\n<figure class=\"wp-block-image size-large\"><img loading=\"lazy\" decoding=\"async\" width=\"1024\" height=\"683\" src=\"https:\/\/corrientesdetarde.com\/wp-content\/uploads\/2025\/02\/image-1234-1024x683.png\" alt=\"\" class=\"wp-image-193571\" srcset=\"https:\/\/corrientesdetarde.com\/wp-content\/uploads\/2025\/02\/image-1234-1024x683.png 1024w, https:\/\/corrientesdetarde.com\/wp-content\/uploads\/2025\/02\/image-1234-300x200.png 300w, https:\/\/corrientesdetarde.com\/wp-content\/uploads\/2025\/02\/image-1234-768x512.png 768w, https:\/\/corrientesdetarde.com\/wp-content\/uploads\/2025\/02\/image-1234.png 1080w\" sizes=\"auto, (max-width: 1024px) 100vw, 1024px\" \/><\/figure>\n\n\n\n<h2 class=\"wp-block-heading\">A continuaci\u00f3n la lista completa de ganadores:<\/h2>\n\n\n\n<p>Embajador Nacional del Carnaval: Alberto Ruben Zalazar \u00a0de Sapucay<br><br>Segundo Representante del Carnaval Correntino: Jorge Hospital de Sapucay<br>\u00a0<br>Embajadora Nacional del Carnaval: Gianna Pozanzini \u00a0de Ara Bera\u00a0<br><br>Segundo Representante del Carnaval Correntino: Abril Raush de Bella Vista<br>\u00a0comparsa Anah\u00ed<br><br>\u00a0Mejor Traje Masculino interior: \u00a0Ezequiel Saltiva &#8211; Esquina Caru Cura ( traje: Rey<br>\u00a0Momo del Carnaval)<br><br>\u00a0Mejor Traje Femenino interior: Manuela Schiro &#8211; Paso de los Libres Zum Zum \u00a0( c\u00f3digo binario la Z eterna)\u00a0<br><br>Mejor Traje Masculino capital: Marcelo Meza \u00a0de Ara Ber\u00e1 ( Gauchito Gil)<br><br>Mejor Traje Femenino capital: Mancedo Grab \u00a0Maria Emilia Ara Ber\u00e1 \u00a0( El grito de la<br>\u00a0Virgen)\u00a0<\/p>\n\n\n\n<figure class=\"wp-block-image size-full\"><img loading=\"lazy\" decoding=\"async\" width=\"790\" height=\"527\" src=\"https:\/\/corrientesdetarde.com\/wp-content\/uploads\/2025\/02\/image-1236.png\" alt=\"\" class=\"wp-image-193573\" srcset=\"https:\/\/corrientesdetarde.com\/wp-content\/uploads\/2025\/02\/image-1236.png 790w, https:\/\/corrientesdetarde.com\/wp-content\/uploads\/2025\/02\/image-1236-300x200.png 300w, https:\/\/corrientesdetarde.com\/wp-content\/uploads\/2025\/02\/image-1236-768x512.png 768w\" sizes=\"auto, (max-width: 790px) 100vw, 790px\" \/><\/figure>\n\n\n\n<figure class=\"wp-block-image size-large\"><img loading=\"lazy\" decoding=\"async\" width=\"1024\" height=\"683\" src=\"https:\/\/corrientesdetarde.com\/wp-content\/uploads\/2025\/02\/image-1235-1024x683.png\" alt=\"\" class=\"wp-image-193572\" srcset=\"https:\/\/corrientesdetarde.com\/wp-content\/uploads\/2025\/02\/image-1235-1024x683.png 1024w, https:\/\/corrientesdetarde.com\/wp-content\/uploads\/2025\/02\/image-1235-300x200.png 300w, https:\/\/corrientesdetarde.com\/wp-content\/uploads\/2025\/02\/image-1235-768x512.png 768w, https:\/\/corrientesdetarde.com\/wp-content\/uploads\/2025\/02\/image-1235.png 1080w\" sizes=\"auto, (max-width: 1024px) 100vw, 1024px\" \/><\/figure>\n","protected":false},"excerpt":{"rendered":"<p>Tras un \u00a0proceso de selecci\u00f3n que cont\u00f3 con m\u00e1s de 30 postulantes, la pareja se destac\u00f3 por su \u00a0carisma, conocimiento de la tradici\u00f3n carnavalera y compromiso con la difusi\u00f3n de&hellip; <\/p>\n","protected":false},"author":1,"featured_media":193570,"comment_status":"closed","ping_status":"open","sticky":false,"template":"","format":"standard","meta":{"footnotes":""},"categories":[22],"tags":[],"class_list":["post-193563","post","type-post","status-publish","format-standard","has-post-thumbnail","hentry","category-eventos"],"_links":{"self":[{"href":"https:\/\/corrientesdetarde.com\/index.php\/wp-json\/wp\/v2\/posts\/193563","targetHints":{"allow":["GET"]}}],"collection":[{"href":"https:\/\/corrientesdetarde.com\/index.php\/wp-json\/wp\/v2\/posts"}],"about":[{"href":"https:\/\/corrientesdetarde.com\/index.php\/wp-json\/wp\/v2\/types\/post"}],"author":[{"embeddable":true,"href":"https:\/\/corrientesdetarde.com\/index.php\/wp-json\/wp\/v2\/users\/1"}],"replies":[{"embeddable":true,"href":"https:\/\/corrientesdetarde.com\/index.php\/wp-json\/wp\/v2\/comments?post=193563"}],"version-history":[{"count":1,"href":"https:\/\/corrientesdetarde.com\/index.php\/wp-json\/wp\/v2\/posts\/193563\/revisions"}],"predecessor-version":[{"id":193574,"href":"https:\/\/corrientesdetarde.com\/index.php\/wp-json\/wp\/v2\/posts\/193563\/revisions\/193574"}],"wp:featuredmedia":[{"embeddable":true,"href":"https:\/\/corrientesdetarde.com\/index.php\/wp-json\/wp\/v2\/media\/193570"}],"wp:attachment":[{"href":"https:\/\/corrientesdetarde.com\/index.php\/wp-json\/wp\/v2\/media?parent=193563"}],"wp:term":[{"taxonomy":"category","embeddable":true,"href":"https:\/\/corrientesdetarde.com\/index.php\/wp-json\/wp\/v2\/categories?post=193563"},{"taxonomy":"post_tag","embeddable":true,"href":"https:\/\/corrientesdetarde.com\/index.php\/wp-json\/wp\/v2\/tags?post=193563"}],"curies":[{"name":"wp","href":"https:\/\/api.w.org\/{rel}","templated":true}]}}