{"id":194010,"date":"2025-03-02T09:04:43","date_gmt":"2025-03-02T12:04:43","guid":{"rendered":"https:\/\/corrientesdetarde.com\/?p=194010"},"modified":"2025-03-02T12:01:16","modified_gmt":"2025-03-02T15:01:16","slug":"para-el-vicegobernador-fue-un-mensaje-valiente","status":"publish","type":"post","link":"https:\/\/corrientesdetarde.com\/index.php\/politica\/para-el-vicegobernador-fue-un-mensaje-valiente\/","title":{"rendered":"Para el vicegobernador fue un mensaje valiente"},"content":{"rendered":"\n<p>El vicegobernador de Corrientes, Pedro Braillard Poccard, destac\u00f3 el discurso del Gobernador ante el Poder legislativo como mensaje &#8220;cargado de mucha emotividad&#8221; y destacando los logros de la gesti\u00f3n en sus siete a\u00f1os de gobierno.<\/p>\n\n\n\n<p>Braillard Poccard resalt\u00f3: &#8220;Ha hecho una recopilaci\u00f3n del accionar de los siete a\u00f1os de gestion y anuncios para el a\u00f1o que queda; sin dudas, se ha hecho much\u00edsimo&#8221;, afirm\u00f3 el vicegobernador, quien tambi\u00e9n subray\u00f3 la valent\u00eda del mandatario al abordar temas sensibles para la sociedad correntina.<\/p>\n\n\n\n<p>&#8220;Fue un discurso muy valiente, ya que asumi\u00f3 hasta los temas que son de profundo sentimiento en la sociedad&#8221;, expres\u00f3 Braillard Poccard, y a\u00f1adi\u00f3: &#8220;En lo que a m\u00ed respecta, me siento particularmente orgulloso de haberlo acompa\u00f1ado estos a\u00f1os  de gesti\u00f3n&#8221;.<\/p>\n\n\n\n<p>El vicegobernador tambi\u00e9n hizo referencia al &#8220;narcomenudeo es un delito de competencia nacional en el cual la polic\u00eda act\u00faa como organismo auxiliar, pero con esta ley, la provincia asumir\u00eda una competencia plena, no solo en materia de seguridad, sino tambi\u00e9n en la justicia provincial&#8221;, explic\u00f3 el vicegobernador. Este enfoque que permitir\u00eda a Corrientes tomar un rol m\u00e1s activo en la lucha contra el narcotr\u00e1fico y sus consecuencias sociales.<\/p>\n\n\n\n<p>Braillard Poccard cerr\u00f3 sus declaraciones destacando el trabajo realizado en conjunto con Vald\u00e9s y el compromiso de ambos con el desarrollo de la provincia . &#8220;Hemos trabajado incansablemente para mejorar la calidad de vida de los correntinos, y este discurso refleja ese esfuerzo&#8221;, afirm\u00f3 el presidente del Senado.<\/p>\n\n\n\n<p>El vicegobernador tambi\u00e9n hizo un llamado a la continuidad de las pol\u00e9micas implementadas, subrayando la importancia de mantener el rumbo en desaf\u00edos que a\u00fan quedaron por delante. <\/p>\n\n\n\n<p>&#8220;Este es un momento para reflexionar sobre lo logrado, pero tambi\u00e9n para seguir construyendo el futuro de Corrientes&#8221;, concluy\u00f3. <\/p>\n","protected":false},"excerpt":{"rendered":"<p>El vicegobernador de Corrientes, Pedro Braillard Poccard, destac\u00f3 el discurso del Gobernador ante el Poder legislativo como mensaje &#8220;cargado de mucha emotividad&#8221; y destacando los logros de la gesti\u00f3n en&hellip; <\/p>\n","protected":false},"author":1,"featured_media":194023,"comment_status":"closed","ping_status":"open","sticky":false,"template":"","format":"standard","meta":{"footnotes":""},"categories":[3,17],"tags":[],"class_list":["post-194010","post","type-post","status-publish","format-standard","has-post-thumbnail","hentry","category-politica","category-sociales"],"_links":{"self":[{"href":"https:\/\/corrientesdetarde.com\/index.php\/wp-json\/wp\/v2\/posts\/194010","targetHints":{"allow":["GET"]}}],"collection":[{"href":"https:\/\/corrientesdetarde.com\/index.php\/wp-json\/wp\/v2\/posts"}],"about":[{"href":"https:\/\/corrientesdetarde.com\/index.php\/wp-json\/wp\/v2\/types\/post"}],"author":[{"embeddable":true,"href":"https:\/\/corrientesdetarde.com\/index.php\/wp-json\/wp\/v2\/users\/1"}],"replies":[{"embeddable":true,"href":"https:\/\/corrientesdetarde.com\/index.php\/wp-json\/wp\/v2\/comments?post=194010"}],"version-history":[{"count":2,"href":"https:\/\/corrientesdetarde.com\/index.php\/wp-json\/wp\/v2\/posts\/194010\/revisions"}],"predecessor-version":[{"id":194024,"href":"https:\/\/corrientesdetarde.com\/index.php\/wp-json\/wp\/v2\/posts\/194010\/revisions\/194024"}],"wp:featuredmedia":[{"embeddable":true,"href":"https:\/\/corrientesdetarde.com\/index.php\/wp-json\/wp\/v2\/media\/194023"}],"wp:attachment":[{"href":"https:\/\/corrientesdetarde.com\/index.php\/wp-json\/wp\/v2\/media?parent=194010"}],"wp:term":[{"taxonomy":"category","embeddable":true,"href":"https:\/\/corrientesdetarde.com\/index.php\/wp-json\/wp\/v2\/categories?post=194010"},{"taxonomy":"post_tag","embeddable":true,"href":"https:\/\/corrientesdetarde.com\/index.php\/wp-json\/wp\/v2\/tags?post=194010"}],"curies":[{"name":"wp","href":"https:\/\/api.w.org\/{rel}","templated":true}]}}