{"id":194488,"date":"2025-03-04T17:30:00","date_gmt":"2025-03-04T20:30:00","guid":{"rendered":"https:\/\/corrientesdetarde.com\/?p=194488"},"modified":"2025-03-04T18:04:03","modified_gmt":"2025-03-04T21:04:03","slug":"corrientes-todas-las-escuelas-tendran-acceso-a-internet-desde-abril","status":"publish","type":"post","link":"https:\/\/corrientesdetarde.com\/index.php\/educacion\/corrientes-todas-las-escuelas-tendran-acceso-a-internet-desde-abril\/","title":{"rendered":"Corrientes: todas las escuelas tendr\u00e1n acceso a internet desde abril."},"content":{"rendered":"\n<h2 class=\"wp-block-heading\">El subsecretario Emilio Breard dio detalles de c\u00f3mo se preparan para el inicio de clases. Habl\u00f3 sobre la situaci\u00f3n de las escuelas de cara a la ola de calor.<\/h2>\n\n\n\n<p>Este mi\u00e9rcoles 5 comienzan las clases en Corrientes en medio de una intensa ola de calor. Un alto funcionario dio detalles de c\u00f3mo se preparan.<\/p>\n\n\n\n<p>Emilio Breard, subsecretario de Infraestructura Escolar, coment\u00f3 que est\u00e1n preparados para la crucial fecha. Vale mencionar que el inicio tuvo que haber sido la semana pasada, pero se posterg\u00f3 por las altas temperaturas.<\/p>\n\n\n\n<p>El entrevistado asegur\u00f3 que desde febrero vienen trabajando intensamente en m\u00e1s de 800 establecimientos de toda la provincia. &#8220;Se hace con empresas contratadas para todo lo que tiene que ver con mantenimiento&#8221;, dijo.<ins><\/ins><\/p>\n\n\n\n<p>Consultado por los intensos calores, Breard dijo &#8220;nuestro clima es c\u00e1lido, estos picos de calor son recurrentes&#8221;. &#8220;La soluci\u00f3n no es poner aires acondicionados, el costo de la compra, instalaci\u00f3n y mantenimiento es importante&#8221;, coment\u00f3.<\/p>\n\n\n\n<p>&#8220;Esto hace que el consumo de energ\u00eda se multiplique varias veces, hay que hacer mucho por las instalaciones el\u00e9ctricas y la red p\u00fablica&#8221;, agreg\u00f3.<\/p>\n\n\n\n<p>Internet<\/p>\n\n\n\n<p>Breard asegur\u00f3 adem\u00e1s que &#8220;en abril el 100% de las escuelas de Corrientes tendr\u00e1 Internet&#8221;.&nbsp; Se trata de un trabajo realizado a trav\u00e9s de Telco, &#8220;que nos permiti\u00f3 llegar a los lugares m\u00e1s remotos de la provincia&#8221;.<\/p>\n\n\n\n<p>Esto se complementa con otros dos programas educativos: tecnolog\u00eda y contenidos.<\/p>\n\n\n\n<p>Es que ahora buscan que &#8220;todos los secundarios tengan su computadora&#8221;. Luego aprender\u00e1n en la plataforma de Educaplay&#8221;.<\/p>\n\n\n\n<p>&#8220;Son 3 hitos muy importantes&#8221;, dijo el subsecretario.<\/p>\n","protected":false},"excerpt":{"rendered":"<p>El subsecretario Emilio Breard dio detalles de c\u00f3mo se preparan para el inicio de clases. Habl\u00f3 sobre la situaci\u00f3n de las escuelas de cara a la ola de calor. Este&hellip; <\/p>\n","protected":false},"author":6,"featured_media":194490,"comment_status":"closed","ping_status":"open","sticky":false,"template":"","format":"standard","meta":{"footnotes":""},"categories":[32],"tags":[],"class_list":["post-194488","post","type-post","status-publish","format-standard","has-post-thumbnail","hentry","category-educacion"],"_links":{"self":[{"href":"https:\/\/corrientesdetarde.com\/index.php\/wp-json\/wp\/v2\/posts\/194488","targetHints":{"allow":["GET"]}}],"collection":[{"href":"https:\/\/corrientesdetarde.com\/index.php\/wp-json\/wp\/v2\/posts"}],"about":[{"href":"https:\/\/corrientesdetarde.com\/index.php\/wp-json\/wp\/v2\/types\/post"}],"author":[{"embeddable":true,"href":"https:\/\/corrientesdetarde.com\/index.php\/wp-json\/wp\/v2\/users\/6"}],"replies":[{"embeddable":true,"href":"https:\/\/corrientesdetarde.com\/index.php\/wp-json\/wp\/v2\/comments?post=194488"}],"version-history":[{"count":2,"href":"https:\/\/corrientesdetarde.com\/index.php\/wp-json\/wp\/v2\/posts\/194488\/revisions"}],"predecessor-version":[{"id":194495,"href":"https:\/\/corrientesdetarde.com\/index.php\/wp-json\/wp\/v2\/posts\/194488\/revisions\/194495"}],"wp:featuredmedia":[{"embeddable":true,"href":"https:\/\/corrientesdetarde.com\/index.php\/wp-json\/wp\/v2\/media\/194490"}],"wp:attachment":[{"href":"https:\/\/corrientesdetarde.com\/index.php\/wp-json\/wp\/v2\/media?parent=194488"}],"wp:term":[{"taxonomy":"category","embeddable":true,"href":"https:\/\/corrientesdetarde.com\/index.php\/wp-json\/wp\/v2\/categories?post=194488"},{"taxonomy":"post_tag","embeddable":true,"href":"https:\/\/corrientesdetarde.com\/index.php\/wp-json\/wp\/v2\/tags?post=194488"}],"curies":[{"name":"wp","href":"https:\/\/api.w.org\/{rel}","templated":true}]}}