{"id":194537,"date":"2025-03-04T20:02:35","date_gmt":"2025-03-04T23:02:35","guid":{"rendered":"https:\/\/corrientesdetarde.com\/?p=194537"},"modified":"2025-03-04T20:02:49","modified_gmt":"2025-03-04T23:02:49","slug":"valdes-inaugura-el-inicio-del-ciclo-lectivo-2025-en-una-escuela-tecnica-de-capital","status":"publish","type":"post","link":"https:\/\/corrientesdetarde.com\/index.php\/destacados\/valdes-inaugura-el-inicio-del-ciclo-lectivo-2025-en-una-escuela-tecnica-de-capital\/","title":{"rendered":"Vald\u00e9s inaugura el inicio del Ciclo Lectivo 2025 en una escuela t\u00e9cnica de Capital"},"content":{"rendered":"\n<p>El gobernador Gustavo Vald\u00e9s encabezar\u00e1 este mi\u00e9rcoles el inicio del Ciclo Lectivo 2025 en la Escuela T\u00e9cnica &#8220;Construcciones Portuarias y V\u00edas Navegables&#8221; de la ciudad de Corrientes, a partir de las 9 horas. Dicha instituci\u00f3n educativa se encuentra en avenida Torres de Vera y Arag\u00f3n 1387.<\/p>\n","protected":false},"excerpt":{"rendered":"<p>El gobernador Gustavo Vald\u00e9s encabezar\u00e1 este mi\u00e9rcoles el inicio del Ciclo Lectivo 2025 en la Escuela T\u00e9cnica &#8220;Construcciones Portuarias y V\u00edas Navegables&#8221; de la ciudad de Corrientes, a partir de&hellip; <\/p>\n","protected":false},"author":4,"featured_media":194549,"comment_status":"closed","ping_status":"open","sticky":false,"template":"","format":"standard","meta":{"footnotes":""},"categories":[26],"tags":[],"class_list":["post-194537","post","type-post","status-publish","format-standard","has-post-thumbnail","hentry","category-destacados"],"_links":{"self":[{"href":"https:\/\/corrientesdetarde.com\/index.php\/wp-json\/wp\/v2\/posts\/194537","targetHints":{"allow":["GET"]}}],"collection":[{"href":"https:\/\/corrientesdetarde.com\/index.php\/wp-json\/wp\/v2\/posts"}],"about":[{"href":"https:\/\/corrientesdetarde.com\/index.php\/wp-json\/wp\/v2\/types\/post"}],"author":[{"embeddable":true,"href":"https:\/\/corrientesdetarde.com\/index.php\/wp-json\/wp\/v2\/users\/4"}],"replies":[{"embeddable":true,"href":"https:\/\/corrientesdetarde.com\/index.php\/wp-json\/wp\/v2\/comments?post=194537"}],"version-history":[{"count":2,"href":"https:\/\/corrientesdetarde.com\/index.php\/wp-json\/wp\/v2\/posts\/194537\/revisions"}],"predecessor-version":[{"id":194551,"href":"https:\/\/corrientesdetarde.com\/index.php\/wp-json\/wp\/v2\/posts\/194537\/revisions\/194551"}],"wp:featuredmedia":[{"embeddable":true,"href":"https:\/\/corrientesdetarde.com\/index.php\/wp-json\/wp\/v2\/media\/194549"}],"wp:attachment":[{"href":"https:\/\/corrientesdetarde.com\/index.php\/wp-json\/wp\/v2\/media?parent=194537"}],"wp:term":[{"taxonomy":"category","embeddable":true,"href":"https:\/\/corrientesdetarde.com\/index.php\/wp-json\/wp\/v2\/categories?post=194537"},{"taxonomy":"post_tag","embeddable":true,"href":"https:\/\/corrientesdetarde.com\/index.php\/wp-json\/wp\/v2\/tags?post=194537"}],"curies":[{"name":"wp","href":"https:\/\/api.w.org\/{rel}","templated":true}]}}