{"id":194582,"date":"2025-03-04T19:59:00","date_gmt":"2025-03-04T22:59:00","guid":{"rendered":"https:\/\/corrientesdetarde.com\/?p=194582"},"modified":"2025-03-04T21:02:49","modified_gmt":"2025-03-05T00:02:49","slug":"crecieron-un-30-las-ventas-de-soja-tras-la-baja-de-retenciones","status":"publish","type":"post","link":"https:\/\/corrientesdetarde.com\/index.php\/economia\/crecieron-un-30-las-ventas-de-soja-tras-la-baja-de-retenciones\/","title":{"rendered":"Crecieron un 30% las ventas de soja tras la baja de retenciones."},"content":{"rendered":"\n<h2 class=\"wp-block-heading\">A un mes de la medida, el mercado de granos registr\u00f3 un incremento en la operatoria. Sin embargo, el impacto en la liquidaci\u00f3n de los exportadores fue limitado, debido a restricciones en los plazos de venta.<\/h2>\n\n\n\n<p>Ya se cumpli\u00f3 un mes de la publicaci\u00f3n en el Bolet\u00edn Oficial del Decreto 38\/2025, en el cual se estableci\u00f3 una reducci\u00f3n temporaria de los<strong>\u00a0Derechos de Exportaci\u00f3n,\u00a0<\/strong>m\u00e1s conocidas como\u00a0<strong>retenciones,\u00a0<\/strong>a los principales productos agr\u00edcolas y sus derivados.<\/p>\n\n\n\n<p>Desde entonces, el volumen promedio semanal de operaciones por soja creci\u00f3 un 32% respecto de las 10 semanas previas, yendo de poco m\u00e1s de<strong>&nbsp;575.000 toneladas a m\u00e1s de 760.000<\/strong>, seg\u00fan un informe de la Bolsa de Comercio de Rosario. A su vez, se increment\u00f3 la proporci\u00f3n de negocios con precio hecho, que salt\u00f3 del 53 al 59%, como consecuencia de los precios m\u00e1s atractivos para los oferentes.<\/p>\n\n\n\n<p>Cabe recordar, que&nbsp;<strong>la al\u00edcuota de retenciones al poroto de soja cay\u00f3 del 33% al 26%,<\/strong>&nbsp;la correspondiente a sus derivados pas\u00f3 del 31% al 24,5%, mientras que el impuesto para las exportaciones del ma\u00edz y el trigo fueron reducidas del 12% al 9,5%, lo mismo que en los casos del sorgo y la cebada. En el caso del girasol, el derecho de exportaci\u00f3n de la semilla y del aceite fue de 7% a al 5,5%, mientras que para los pellets retrocedi\u00f3 del 5% al 4%.<\/p>\n\n\n\n<p>Esta reducci\u00f3n en la carga impositiva se tradujo en un aumento en la capacidad de pago, lo que gener\u00f3 mejoras en los precios locales. A su vez, precios m\u00e1s atractivos incentivaron a una mayor operatoria en el mercado de granos, especialmente en el caso de la soja.<\/p>\n\n\n\n<p>Tomando como referencia los datos de la plataforma Sio Granos, desde la oficializaci\u00f3n de la medida el volumen promedio negociado semanalmente de<strong>\u00a0trigo, soja y ma\u00edz\u00a0<\/strong>(considerando operaciones a precio hecho y a fijar) fue de 1,98 millones de toneladas (Mt), un 8,5% m\u00e1s que en el promedio de las 10 semanas previas. Si bien, a priori, este incremento no parece significativo, al analizar cada cultivo individualmente se obtienen conclusiones m\u00e1s interesantes.<\/p>\n\n\n\n<p>En&nbsp;<strong>trigo<\/strong>, el volumen semanal&nbsp;<strong>cay\u00f3 un 30%<\/strong>&nbsp;con respecto al promedio anterior a la reducci\u00f3n de las retenciones, de cerca de 460.000 a 320.000 toneladas. Esto se explica por el factor estacional de la cosecha. \u201cLa medida fue anunciada cuando ya se hab\u00edan trillado casi la totalidad de los lotes y el arribo masivo de granos al mercado ya hab\u00eda cesado su presi\u00f3n. Adem\u00e1s, el mercado internacional del trigo se enfrenta a una demanda poco din\u00e1mica\u201d, explicaron desde la BCR.<\/p>\n\n\n\n<p>La operatoria por&nbsp;<strong>ma\u00edz<\/strong>, en cambio, tuvo un&nbsp;<strong>crecimiento del 13,6%<\/strong>&nbsp;en el volumen semanal promedio, pasando de 795.000 a 905.000 toneladas. A partir del gran desempe\u00f1o exportador de los suministros argentinos, que han dominado el mercado internacional para los destinos en Sudam\u00e9rica, norte de \u00c1frica, Oriente Medio y Sudeste Asi\u00e1tico, el cereal concentr\u00f3 la mayor parte de los negocios en el mercado de granos desde mediados de noviembre. El crecimiento en los vol\u00famenes promedio del \u00faltimo mes se explica en mayor parte por el comienzo anticipado de la cosecha del ma\u00edz temprano por causa de la falta de lluvias en diciembre, lo que aceler\u00f3 las operaciones en las \u00faltimas dos semanas, principalmente.<\/p>\n\n\n\n<p>La&nbsp;<strong>soja<\/strong>, como se mencion\u00f3,&nbsp;<strong>creci\u00f3 un 32%<\/strong>&nbsp;respecto de las 10 semanas previas, sumando m\u00e1s de 185.000 toneladas adicionales en las \u00faltimas diez semanas.<\/p>\n\n\n\n<h2 class=\"wp-block-heading\">Lento ritmo de liquidaci\u00f3n<\/h2>\n\n\n\n<p>El crecimiento de las ventas de soja no se traduce en un crecimiento del ritmo de liquidaci\u00f3n de divisas. Por el contrario, las liquidaciones del agro en el mercado de cambios no han exhibido una mejora perceptible respecto del estatus anterior a la medida.<\/p>\n\n\n\n<p>Seg\u00fan datos de la C\u00e1mara de la Industria Aceitera de la Rep\u00fablica Argentina (CIARA) y el Centro de Exportadores de Cereales (CEC), entidades que representan el 48% de las exportaciones argentinas, el agro liquid\u00f3&nbsp;<strong>USD 2.181 millones<\/strong>&nbsp;durante febrero, lo que representa una suba de 45% respecto del mismo mes del a\u00f1o pasado. En t\u00e9rminos mensuales, creci\u00f3 solamente 5,2% en relaci\u00f3n a enero.<\/p>\n\n\n\n<p>\u201cEl ingreso de divisas del mes de febrero es el resultado del inicio del Decreto 38\/25 que implica una baja transitoria de derechos de exportaci\u00f3n para el complejo cerealero-oleaginoso y que&nbsp;<strong>reci\u00e9n empez\u00f3 a tener efectos a mediados de mes cuando se finaliz\u00f3 con las reglamentaciones del mencionado Decreto.&nbsp;<\/strong>El crecimiento de las compras de soja a precio y a fijar durante el mes de febrero marcaron el ritmo de ventas del productor\u201d, se\u00f1al\u00f3 CIARA-CEC en un comunicado.<\/p>\n\n\n\n<p>Un informe de&nbsp;<strong>Portfolio Personal Inversiones<\/strong>&nbsp;precis\u00f3 que \u201cpese a que la baja de retenciones al agro entr\u00f3 en vigor el 27 de enero, la buena performance del BCRA no se explica por una aceleraci\u00f3n en la liquidaci\u00f3n del sector. Por el contrario, la media m\u00f3vil de cinco d\u00edas de la liquidaci\u00f3n del agro recort\u00f3 de&nbsp;<strong>USD 117 millones la semana previa<\/strong>&nbsp;a anunciarse la medida a&nbsp;<strong>USD 107 millones en la \u00faltima semana<\/strong>.<\/p>\n\n\n\n<p>\u201cLa reducci\u00f3n del plazo de liquidaci\u00f3n de 365 a 15 d\u00edas para beneficiarse de las menores al\u00edcuotas habr\u00eda trabado en cierta medida la liquidaci\u00f3n del sector, ya que evit\u00f3 la liquidaci\u00f3n anticipada de la cosecha gruesa\u201d, explicaron.<\/p>\n","protected":false},"excerpt":{"rendered":"<p>A un mes de la medida, el mercado de granos registr\u00f3 un incremento en la operatoria. Sin embargo, el impacto en la liquidaci\u00f3n de los exportadores fue limitado, debido a&hellip; <\/p>\n","protected":false},"author":6,"featured_media":194584,"comment_status":"closed","ping_status":"open","sticky":false,"template":"","format":"standard","meta":{"footnotes":""},"categories":[20],"tags":[],"class_list":["post-194582","post","type-post","status-publish","format-standard","has-post-thumbnail","hentry","category-economia"],"_links":{"self":[{"href":"https:\/\/corrientesdetarde.com\/index.php\/wp-json\/wp\/v2\/posts\/194582","targetHints":{"allow":["GET"]}}],"collection":[{"href":"https:\/\/corrientesdetarde.com\/index.php\/wp-json\/wp\/v2\/posts"}],"about":[{"href":"https:\/\/corrientesdetarde.com\/index.php\/wp-json\/wp\/v2\/types\/post"}],"author":[{"embeddable":true,"href":"https:\/\/corrientesdetarde.com\/index.php\/wp-json\/wp\/v2\/users\/6"}],"replies":[{"embeddable":true,"href":"https:\/\/corrientesdetarde.com\/index.php\/wp-json\/wp\/v2\/comments?post=194582"}],"version-history":[{"count":1,"href":"https:\/\/corrientesdetarde.com\/index.php\/wp-json\/wp\/v2\/posts\/194582\/revisions"}],"predecessor-version":[{"id":194585,"href":"https:\/\/corrientesdetarde.com\/index.php\/wp-json\/wp\/v2\/posts\/194582\/revisions\/194585"}],"wp:featuredmedia":[{"embeddable":true,"href":"https:\/\/corrientesdetarde.com\/index.php\/wp-json\/wp\/v2\/media\/194584"}],"wp:attachment":[{"href":"https:\/\/corrientesdetarde.com\/index.php\/wp-json\/wp\/v2\/media?parent=194582"}],"wp:term":[{"taxonomy":"category","embeddable":true,"href":"https:\/\/corrientesdetarde.com\/index.php\/wp-json\/wp\/v2\/categories?post=194582"},{"taxonomy":"post_tag","embeddable":true,"href":"https:\/\/corrientesdetarde.com\/index.php\/wp-json\/wp\/v2\/tags?post=194582"}],"curies":[{"name":"wp","href":"https:\/\/api.w.org\/{rel}","templated":true}]}}