{"id":194586,"date":"2025-03-05T07:49:51","date_gmt":"2025-03-05T10:49:51","guid":{"rendered":"https:\/\/corrientesdetarde.com\/?p=194586"},"modified":"2025-03-05T15:28:33","modified_gmt":"2025-03-05T18:28:33","slug":"juane-braillard-poccard-posicionandonoslugardeeventos","status":"publish","type":"post","link":"https:\/\/corrientesdetarde.com\/index.php\/politica\/juane-braillard-poccard-posicionandonoslugardeeventos\/","title":{"rendered":"Juane Braillard Poccard: &#8220;Estamos posicion\u00e1ndonos a nivel nacional como un destino de eventos y tur\u00edstico&#8221;"},"content":{"rendered":"\n<p>El secretario de Turismo y Deporte del Municipio capitalino, Juan Enrique \u00abJuane\u00bb Braillard Poccard, habl\u00f3 en la v\u00edspera de diversos temas: c\u00f3mo se modific\u00f3 el desarrollo del turismo en la ciudad, su rol dentro del Municipio y sus aspiraciones pol\u00edticas.<\/p>\n\n\n\n<p><br>El funcionario municipal, expres\u00f3: \u00abAntes al turismo se lo subestimaba, y hace algunos a\u00f1os, se entendi\u00f3 que es un generador de ingresos genuinos, por eso empezamos a trabajar con peque\u00f1os pasos, como la creaci\u00f3n de la marca Visit Corrientes. Tener productos propios, y pasar de ser una ciudad de paso a ser una ciudad donde la gente se queda\u00bb, y agreg\u00f3: \u00abLa gesti\u00f3n se destac\u00f3 porque gestiona y trabaja en base a datos\u00bb.<\/p>\n\n\n\n<p><br>A su vez, Juan Braillard Poccard, expuso: \u00abSe cre\u00f3 el observatorio tur\u00edstico de la ciudad, que toma datos de: a qu\u00e9 vienen los turistas, de d\u00f3nde vienen, las quejas, por ejemplo, el pedido de ba\u00f1os p\u00fablicos, de extensi\u00f3n de la atenci\u00f3n de lugares gastron\u00f3micos; en parques y plazas nos reconocen la iluminaci\u00f3n, los juegos con inclusi\u00f3n y protecci\u00f3n, tambi\u00e9n la extensi\u00f3n de playas\u00bb, a lo que a\u00f1adi\u00f3: \u00abEstamos posicion\u00e1ndonos a nivel nacional como un destino de eventos y tur\u00edstico\u00bb.<\/p>\n\n\n\n<p><br>Asimismo, el funcionario manifest\u00f3 respecto del trabajo de los \u00abtrapitos\u00bb: \u00abHay una ordenanza que proh\u00edbe la presencia de trapitos en la Costanera, hemos recibido denuncias de malos tratos en diferentes puntos de la ciudad, vamos a seguir trabajando para esto\u00bb.<\/p>\n\n\n\n<p><br>\u00abMe apasion\u00f3 esta materia de turismo porque uno se da cuenta c\u00f3mo genera un desarrollo para las personas, en muchos rubros\u00bb, remarc\u00f3 y mencion\u00f3: \u00abTenemos que tratar de que los j\u00f3venes amen la ciudad, se queden a estudiar y trabajar ac\u00e1\u00bb.<\/p>\n\n\n\n<p><br>En cuanto a lo pol\u00edtico, Braillard Poccard, afirm\u00f3: \u00abMi intenci\u00f3n es que el partido tenga el lugar que se nos ha reconocido, pero creemos que es momento de tener un crecimiento tambi\u00e9n\u00bb, y sostuvo: \u00abQueremos mayores espacios y responsabilidades, hemos demostrado que cumplimos muy bien nuestros roles\u00bb.<\/p>\n\n\n\n<p><br>Si prefiere el rol Ejecutivo o el Legislativo, el funcionario municipal, dijo: \u00abEl Ejecutivo me gusta m\u00e1s porque uno puede hacer, como concejal present\u00e9 muchos proyectos que quedaron en nada\u00bb, y finaliz\u00f3 diciendo: \u00abEste trabajo Ejecutivo me apasiona, queremos seguir transformando la ciudad\u00bb.<\/p>\n","protected":false},"excerpt":{"rendered":"<p>El secretario de Turismo y Deporte del Municipio capitalino, Juan Enrique \u00abJuane\u00bb Braillard Poccard, habl\u00f3 en la v\u00edspera de diversos temas: c\u00f3mo se modific\u00f3 el desarrollo del turismo en la&hellip; <\/p>\n","protected":false},"author":1,"featured_media":194606,"comment_status":"closed","ping_status":"open","sticky":false,"template":"","format":"standard","meta":{"footnotes":""},"categories":[26,3],"tags":[],"class_list":["post-194586","post","type-post","status-publish","format-standard","has-post-thumbnail","hentry","category-destacados","category-politica"],"_links":{"self":[{"href":"https:\/\/corrientesdetarde.com\/index.php\/wp-json\/wp\/v2\/posts\/194586","targetHints":{"allow":["GET"]}}],"collection":[{"href":"https:\/\/corrientesdetarde.com\/index.php\/wp-json\/wp\/v2\/posts"}],"about":[{"href":"https:\/\/corrientesdetarde.com\/index.php\/wp-json\/wp\/v2\/types\/post"}],"author":[{"embeddable":true,"href":"https:\/\/corrientesdetarde.com\/index.php\/wp-json\/wp\/v2\/users\/1"}],"replies":[{"embeddable":true,"href":"https:\/\/corrientesdetarde.com\/index.php\/wp-json\/wp\/v2\/comments?post=194586"}],"version-history":[{"count":2,"href":"https:\/\/corrientesdetarde.com\/index.php\/wp-json\/wp\/v2\/posts\/194586\/revisions"}],"predecessor-version":[{"id":194701,"href":"https:\/\/corrientesdetarde.com\/index.php\/wp-json\/wp\/v2\/posts\/194586\/revisions\/194701"}],"wp:featuredmedia":[{"embeddable":true,"href":"https:\/\/corrientesdetarde.com\/index.php\/wp-json\/wp\/v2\/media\/194606"}],"wp:attachment":[{"href":"https:\/\/corrientesdetarde.com\/index.php\/wp-json\/wp\/v2\/media?parent=194586"}],"wp:term":[{"taxonomy":"category","embeddable":true,"href":"https:\/\/corrientesdetarde.com\/index.php\/wp-json\/wp\/v2\/categories?post=194586"},{"taxonomy":"post_tag","embeddable":true,"href":"https:\/\/corrientesdetarde.com\/index.php\/wp-json\/wp\/v2\/tags?post=194586"}],"curies":[{"name":"wp","href":"https:\/\/api.w.org\/{rel}","templated":true}]}}